{"id":197,"date":"2026-02-08T21:27:27","date_gmt":"2026-02-08T21:27:27","guid":{"rendered":"https:\/\/4ccarbon.com.br\/?p=197"},"modified":"2026-02-08T21:28:04","modified_gmt":"2026-02-08T21:28:04","slug":"detalhamento-dos-projetos-publicos-e-de-impacto","status":"publish","type":"post","link":"https:\/\/4ccarbon.com.br\/en\/detalhamento-dos-projetos-publicos-e-de-impacto\/","title":{"rendered":"DETALHAMENTO DOS PROJETOS P\u00daBLICOS E DE IMPACTO"},"content":{"rendered":"<p class=\"wp-block-paragraph\"><strong>1. RESEX Rio Preto-Jacund\u00e1 (Rond\u00f4nia)<\/strong><\/p>\n\n\n\n<ul class=\"wp-block-list\">\n<li><strong>Natureza:<\/strong> REDD+ em Unidade de Conserva\u00e7\u00e3o (Reserva Extrativista).<\/li>\n\n\n\n<li><strong>Proponente:<\/strong> Associa\u00e7\u00e3o dos Moradores (ASREMJ) com apoio do ICMBio.<\/li>\n\n\n\n<li><strong>Certifica\u00e7\u00e3o:<\/strong> VCS (Verra) + CCB (Climate, Community &amp; Biodiversity).<\/li>\n\n\n\n<li><strong>Status de Gera\u00e7\u00e3o:<\/strong> <strong>Gerado e Ativo.<\/strong><\/li>\n\n\n\n<li><strong>Quantidades:<\/strong> ~1.000.000 tCO2e j\u00e1 emitidos. Potencial total de <strong>12.428.700 tCO2e<\/strong> at\u00e9 2042.<\/li>\n\n\n\n<li><strong>Valor:<\/strong> Pre\u00e7o m\u00e9dio de mercado volunt\u00e1rio (estimado entre USD 8.00 e USD 12.00).<\/li>\n\n\n\n<li><strong>Lacunas:<\/strong> Transpar\u00eancia total sobre o repasse direto para as fam\u00edlias e custos operacionais retidos pela desenvolvedora.<\/li>\n<\/ul>\n\n\n\n<p class=\"wp-block-paragraph\"><strong>2. RESEX Chico Mendes (Acre)<\/strong><\/p>\n\n\n\n<ul class=\"wp-block-list\">\n<li><strong>Natureza:<\/strong> REDD+ em Unidade de Conserva\u00e7\u00e3o Federal.<\/li>\n\n\n\n<li><strong>Proponente:<\/strong> Associa\u00e7\u00f5es de Seringueiros e ICMBio.<\/li>\n\n\n\n<li><strong>Certifica\u00e7\u00e3o:<\/strong> VCS (Verra).<\/li>\n\n\n\n<li><strong>Status de Gera\u00e7\u00e3o:<\/strong> <strong>Gerado.<\/strong><\/li>\n\n\n\n<li><strong>Quantidades:<\/strong> ~1.500.000 tCO2e emitidos. Potencial de <strong>15.000.000 tCO2e<\/strong> em 30 anos.<\/li>\n\n\n\n<li><strong>Valor:<\/strong> N\u00e3o divulgado em editais p\u00fablicos recentes.<\/li>\n\n\n\n<li><strong>Lacunas:<\/strong> Hist\u00f3rico de press\u00f5es por desmatamento na borda da reserva que podem afetar verifica\u00e7\u00f5es futuras (risco de n\u00e3o-perman\u00eancia).<\/li>\n<\/ul>\n\n\n\n<p class=\"wp-block-paragraph\"><strong>3. Projeto Carbono Suru\u00ed (Rond\u00f4nia)<\/strong><\/p>\n\n\n\n<ul class=\"wp-block-list\">\n<li><strong>Natureza:<\/strong> REDD+ Ind\u00edgena (Pioneiro).<\/li>\n\n\n\n<li><strong>Proponente:<\/strong> Povo Paiter Suru\u00ed (Associa\u00e7\u00e3o Metareil\u00e1).<\/li>\n\n\n\n<li><strong>Certifica\u00e7\u00e3o:<\/strong> VCS + CCB (Hist\u00f3rico).<\/li>\n\n\n\n<li><strong>Status de Gera\u00e7\u00e3o:<\/strong> <strong>Suspenso\/Encerrado.<\/strong> Gerou ~300.000 tCO2e entre 2009 e 2012.<\/li>\n\n\n\n<li><strong>Quantidades:<\/strong> Atualmente <strong>Zero<\/strong> gera\u00e7\u00e3o nova.<\/li>\n\n\n\n<li><strong>Valor:<\/strong> Hist\u00f3rico de USD 5.00 a 8.00 na \u00e9poca.<\/li>\n\n\n\n<li><strong>Lacunas:<\/strong> Interrup\u00e7\u00e3o por invas\u00f5es de garimpo e falta de consenso interno; \u00e9 o maior exemplo de risco social e institucional em terras p\u00fablicas\/ind\u00edgenas.<\/li>\n<\/ul>\n\n\n\n<p class=\"wp-block-paragraph\"><strong>4. SISA \u2013 Jurisdicional Acre (Acre)<\/strong><\/p>\n\n\n\n<ul class=\"wp-block-list\">\n<li><strong>Natureza:<\/strong> REDD+ Jurisdicional (Estado inteiro).<\/li>\n\n\n\n<li><strong>Proponente:<\/strong> Governo do Estado do Acre (IMC).<\/li>\n\n\n\n<li><strong>Certifica\u00e7\u00e3o:<\/strong> ART\/TREES (Em processo de submiss\u00e3o).<\/li>\n\n\n\n<li><strong>Status de Gera\u00e7\u00e3o:<\/strong> <strong>Potencial.<\/strong> N\u00e3o gera &#8220;cr\u00e9ditos de balc\u00e3o&#8221; para empresas ainda; funciona via Pagamento por Resultados (KFW\/REMD).<\/li>\n\n\n\n<li><strong>Quantidades:<\/strong> Potencial de <strong>45.000.000 tCO2e<\/strong>.<\/li>\n\n\n\n<li><strong>Valor:<\/strong> Pagamentos por resultados geralmente fixados em USD 5.00\/t.<\/li>\n\n\n\n<li><strong>Lacunas:<\/strong> Dificuldade em converter o sucesso estadual em cr\u00e9ditos comercializ\u00e1veis para o setor privado sem o &#8220;Ajuste Correspondente&#8221;.<\/li>\n<\/ul>\n\n\n\n<p class=\"wp-block-paragraph\"><strong>5. Floresta Estadual Antimary (Acre)<\/strong><\/p>\n\n\n\n<ul class=\"wp-block-list\">\n<li><strong>Natureza:<\/strong> REDD+ em Floresta P\u00fablica Estadual.<\/li>\n\n\n\n<li><strong>Proponente:<\/strong> Governo do Acre \/ SEMA-AC.<\/li>\n\n\n\n<li><strong>Certifica\u00e7\u00e3o:<\/strong> Em estrutura\u00e7\u00e3o (VCS).<\/li>\n\n\n\n<li><strong>Status de Gera\u00e7\u00e3o:<\/strong> <strong>Em estrutura\u00e7\u00e3o (N\u00e3o gerado).<\/strong><\/li>\n\n\n\n<li><strong>Quantidades:<\/strong> Potencial estimado de <strong>24.000.000 tCO2e<\/strong> em 30 anos.<\/li>\n\n\n\n<li><strong>Valor:<\/strong> N\/A.<\/li>\n\n\n\n<li><strong>Lacunas:<\/strong> Cronograma de emiss\u00e3o indefinido; depende de licita\u00e7\u00e3o para operador privado.<\/li>\n<\/ul>\n\n\n\n<p class=\"wp-block-paragraph\"><strong>6. ARR Serra do Mar (S\u00e3o Paulo)<\/strong><\/p>\n\n\n\n<ul class=\"wp-block-list\">\n<li><strong>Natureza:<\/strong> Restaura\u00e7\u00e3o Florestal (ARR) em Parque Estadual.<\/li>\n\n\n\n<li><strong>Proponente:<\/strong> Funda\u00e7\u00e3o Florestal (Governo de SP).<\/li>\n\n\n\n<li><strong>Certifica\u00e7\u00e3o:<\/strong> Pr\u00e9-certifica\u00e7\u00e3o (Verra).<\/li>\n\n\n\n<li><strong>Status de Gera\u00e7\u00e3o:<\/strong> <strong>Potencial (Em campo).<\/strong><\/li>\n\n\n\n<li><strong>Quantidades:<\/strong> Potencial de <strong>6.000.000 tCO2e<\/strong> at\u00e9 2041.<\/li>\n\n\n\n<li><strong>Valor:<\/strong> N\/A.<\/li>\n\n\n\n<li><strong>Lacunas:<\/strong> O custo da restaura\u00e7\u00e3o ativa \u00e9 alto; a viabilidade financeira do cr\u00e9dito depende de pre\u00e7os acima de USD 20.00\/t.<\/li>\n<\/ul>\n\n\n\n<p class=\"wp-block-paragraph\"><strong>7. PSA Rural SP (S\u00e3o Paulo)<\/strong><\/p>\n\n\n\n<ul class=\"wp-block-list\">\n<li><strong>Natureza:<\/strong> Pagamento por Servi\u00e7os Ambientais para Pequenos Produtores.<\/li>\n\n\n\n<li><strong>Proponente:<\/strong> Secretaria de Agricultura de SP (CATI).<\/li>\n\n\n\n<li><strong>Certifica\u00e7\u00e3o:<\/strong> Sem certifica\u00e7\u00e3o de mercado (Metodologia estadual).<\/li>\n\n\n\n<li><strong>Status de Gera\u00e7\u00e3o:<\/strong> <strong>N\u00e3o gera cr\u00e9ditos.<\/strong> Gera &#8220;certificados de preserva\u00e7\u00e3o&#8221;.<\/li>\n\n\n\n<li><strong>Quantidades:<\/strong> ~2.250.000 tCO2e de estoque monitorado.<\/li>\n\n\n\n<li><strong>Valor:<\/strong> Pagamento em Reais por hectare, n\u00e3o por tonelada de carbono.<\/li>\n\n\n\n<li><strong>Lacunas:<\/strong> Total impossibilidade de venda em mercados internacionais sem convers\u00e3o para padr\u00f5es VCS\/Gold Standard.<\/li>\n<\/ul>\n\n\n\n<hr class=\"wp-block-separator has-alpha-channel-opacity\"\/>\n\n\n\n<p class=\"wp-block-paragraph\"><strong>QUADRO DE LACUNAS E CR\u00cdTICAS (FILTRO 4C)<\/strong><\/p>\n\n\n\n<figure class=\"wp-block-table\"><table class=\"has-fixed-layout\"><thead><tr><td><strong>Categoria<\/strong><\/td><td><strong>Falha Identificada no Levantamento P\u00fablico<\/strong><\/td><\/tr><\/thead><tbody><tr><td><strong>Titularidade<\/strong><\/td><td>A maioria dos projetos p\u00fablicos depende de CDRU ou decretos estaduais que podem ser revogados a cada mudan\u00e7a de governo.<\/td><\/tr><tr><td><strong>Dupla Contagem<\/strong><\/td><td>Projetos como o <em>Restaura Amaz\u00f4nia<\/em> e o <em>PSA Rural<\/em> s\u00e3o contabilizados na meta nacional (NDC). Se virarem cr\u00e9dito, h\u00e1 risco de o governo e a empresa &#8220;contarem&#8221; a mesma \u00e1rvore.<\/td><\/tr><tr><td><strong>Governan\u00e7a<\/strong><\/td><td>Projetos comunit\u00e1rios (Munduruku, Suru\u00ed) carecem de atas de assembleia e contratos de reparti\u00e7\u00e3o de benef\u00edcios transparentes na fase de an\u00fancio.<\/td><\/tr><tr><td><strong>Maturidade<\/strong><\/td><td>80% das iniciativas p\u00fablicas est\u00e3o em fase de &#8220;An\u00fancio&#8221; ou &#8220;Potencial&#8221;, com menos de 20% com cr\u00e9ditos efetivamente no invent\u00e1rio.<\/td><\/tr><\/tbody><\/table><\/figure>","protected":false},"excerpt":{"rendered":"<p>1. RESEX Rio Preto-Jacund\u00e1 (Rond\u00f4nia) 2. RESEX Chico Mendes (Acre) 3. Projeto Carbono Suru\u00ed (Rond\u00f4nia) 4. SISA \u2013 Jurisdicional Acre (Acre) 5. Floresta Estadual Antimary (Acre) 6. ARR Serra do Mar (S\u00e3o Paulo) 7. PSA Rural SP (S\u00e3o Paulo) QUADRO DE LACUNAS E CR\u00cdTICAS (FILTRO 4C) Categoria Falha Identificada no Levantamento P\u00fablico Titularidade A maioria [&hellip;]<\/p>\n","protected":false},"author":1,"featured_media":0,"comment_status":"open","ping_status":"open","sticky":false,"template":"","format":"standard","meta":{"_monsterinsights_skip_tracking":false,"_uf_show_specific_survey":0,"_uf_disable_surveys":false,"footnotes":""},"categories":[6],"tags":[],"class_list":["post-197","post","type-post","status-publish","format-standard","hentry","category-category-1"],"aioseo_notices":[],"aioseo_head":"\n\t\t<!-- All in One SEO 4.9.10 - aioseo.com -->\n\t<meta name=\"description\" content=\"1. RESEX Rio Preto-Jacund\u00e1 (Rond\u00f4nia) Natureza: REDD+ em Unidade de Conserva\u00e7\u00e3o (Reserva Extrativista). Proponente: Associa\u00e7\u00e3o dos Moradores (ASREMJ) com apoio do ICMBio. Certifica\u00e7\u00e3o: VCS (Verra) + CCB (Climate, Community &amp; Biodiversity). Status de Gera\u00e7\u00e3o: Gerado e Ativo. Quantidades: ~1.000.000 tCO2e j\u00e1 emitidos. Potencial total de 12.428.700 tCO2e at\u00e9 2042. Valor: Pre\u00e7o m\u00e9dio de mercado volunt\u00e1rio\" \/>\n\t<meta name=\"robots\" content=\"max-image-preview:large\" \/>\n\t<meta name=\"author\" content=\"Marcello S Moreno\"\/>\n\t<link rel=\"canonical\" href=\"https:\/\/4ccarbon.com.br\/en\/detalhamento-dos-projetos-publicos-e-de-impacto\/\" \/>\n\t<meta name=\"generator\" content=\"All in One SEO (AIOSEO) 4.9.10\" \/>\n\t\t<meta property=\"og:locale\" content=\"en_US\" \/>\n\t\t<meta property=\"og:site_name\" content=\"Climate Regtech para o Mercado de Cr\u00e9ditos de Carbono - My WordPress Blog\" \/>\n\t\t<meta property=\"og:type\" content=\"article\" \/>\n\t\t<meta property=\"og:title\" content=\"DETALHAMENTO DOS PROJETOS P\u00daBLICOS E DE IMPACTO - Climate Regtech para o Mercado de Cr\u00e9ditos de Carbono\" \/>\n\t\t<meta property=\"og:description\" content=\"1. RESEX Rio Preto-Jacund\u00e1 (Rond\u00f4nia) Natureza: REDD+ em Unidade de Conserva\u00e7\u00e3o (Reserva Extrativista). Proponente: Associa\u00e7\u00e3o dos Moradores (ASREMJ) com apoio do ICMBio. Certifica\u00e7\u00e3o: VCS (Verra) + CCB (Climate, Community &amp; Biodiversity). Status de Gera\u00e7\u00e3o: Gerado e Ativo. Quantidades: ~1.000.000 tCO2e j\u00e1 emitidos. Potencial total de 12.428.700 tCO2e at\u00e9 2042. Valor: Pre\u00e7o m\u00e9dio de mercado volunt\u00e1rio\" \/>\n\t\t<meta property=\"og:url\" content=\"https:\/\/4ccarbon.com.br\/en\/detalhamento-dos-projetos-publicos-e-de-impacto\/\" \/>\n\t\t<meta property=\"article:published_time\" content=\"2026-02-08T21:27:27+00:00\" \/>\n\t\t<meta property=\"article:modified_time\" content=\"2026-02-08T21:28:04+00:00\" \/>\n\t\t<meta name=\"twitter:card\" content=\"summary_large_image\" \/>\n\t\t<meta name=\"twitter:title\" content=\"DETALHAMENTO DOS PROJETOS P\u00daBLICOS E DE IMPACTO - Climate Regtech para o Mercado de Cr\u00e9ditos de Carbono\" \/>\n\t\t<meta name=\"twitter:description\" content=\"1. RESEX Rio Preto-Jacund\u00e1 (Rond\u00f4nia) Natureza: REDD+ em Unidade de Conserva\u00e7\u00e3o (Reserva Extrativista). Proponente: Associa\u00e7\u00e3o dos Moradores (ASREMJ) com apoio do ICMBio. Certifica\u00e7\u00e3o: VCS (Verra) + CCB (Climate, Community &amp; Biodiversity). Status de Gera\u00e7\u00e3o: Gerado e Ativo. Quantidades: ~1.000.000 tCO2e j\u00e1 emitidos. Potencial total de 12.428.700 tCO2e at\u00e9 2042. Valor: Pre\u00e7o m\u00e9dio de mercado volunt\u00e1rio\" \/>\n\t\t<script type=\"application\/ld+json\" class=\"aioseo-schema\">\n\t\t\t{\"@context\":\"https:\\\/\\\/schema.org\",\"@graph\":[{\"@type\":\"BlogPosting\",\"@id\":\"https:\\\/\\\/4ccarbon.com.br\\\/en\\\/detalhamento-dos-projetos-publicos-e-de-impacto\\\/#blogposting\",\"name\":\"DETALHAMENTO DOS PROJETOS P\\u00daBLICOS E DE IMPACTO - Climate Regtech para o Mercado de Cr\\u00e9ditos de Carbono\",\"headline\":\"DETALHAMENTO DOS PROJETOS P\\u00daBLICOS E DE IMPACTO\",\"author\":{\"@id\":\"https:\\\/\\\/4ccarbon.com.br\\\/en\\\/author\\\/morpetx\\\/#author\"},\"publisher\":{\"@id\":\"https:\\\/\\\/4ccarbon.com.br\\\/en\\\/#organization\"},\"datePublished\":\"2026-02-08T21:27:27+00:00\",\"dateModified\":\"2026-02-08T21:28:04+00:00\",\"inLanguage\":\"en-US\",\"mainEntityOfPage\":{\"@id\":\"https:\\\/\\\/4ccarbon.com.br\\\/en\\\/detalhamento-dos-projetos-publicos-e-de-impacto\\\/#webpage\"},\"isPartOf\":{\"@id\":\"https:\\\/\\\/4ccarbon.com.br\\\/en\\\/detalhamento-dos-projetos-publicos-e-de-impacto\\\/#webpage\"},\"articleSection\":\"Categoria 1\"},{\"@type\":\"BreadcrumbList\",\"@id\":\"https:\\\/\\\/4ccarbon.com.br\\\/en\\\/detalhamento-dos-projetos-publicos-e-de-impacto\\\/#breadcrumblist\",\"itemListElement\":[{\"@type\":\"ListItem\",\"@id\":\"https:\\\/\\\/4ccarbon.com.br\\\/en#listItem\",\"position\":1,\"name\":\"Home\",\"item\":\"https:\\\/\\\/4ccarbon.com.br\\\/en\",\"nextItem\":{\"@type\":\"ListItem\",\"@id\":\"https:\\\/\\\/4ccarbon.com.br\\\/en\\\/category\\\/category-1\\\/#listItem\",\"name\":\"Categoria 1\"}},{\"@type\":\"ListItem\",\"@id\":\"https:\\\/\\\/4ccarbon.com.br\\\/en\\\/category\\\/category-1\\\/#listItem\",\"position\":2,\"name\":\"Categoria 1\",\"item\":\"https:\\\/\\\/4ccarbon.com.br\\\/en\\\/category\\\/category-1\\\/\",\"nextItem\":{\"@type\":\"ListItem\",\"@id\":\"https:\\\/\\\/4ccarbon.com.br\\\/en\\\/detalhamento-dos-projetos-publicos-e-de-impacto\\\/#listItem\",\"name\":\"DETALHAMENTO DOS PROJETOS P\\u00daBLICOS E DE IMPACTO\"},\"previousItem\":{\"@type\":\"ListItem\",\"@id\":\"https:\\\/\\\/4ccarbon.com.br\\\/en#listItem\",\"name\":\"Home\"}},{\"@type\":\"ListItem\",\"@id\":\"https:\\\/\\\/4ccarbon.com.br\\\/en\\\/detalhamento-dos-projetos-publicos-e-de-impacto\\\/#listItem\",\"position\":3,\"name\":\"DETALHAMENTO DOS PROJETOS P\\u00daBLICOS E DE IMPACTO\",\"previousItem\":{\"@type\":\"ListItem\",\"@id\":\"https:\\\/\\\/4ccarbon.com.br\\\/en\\\/category\\\/category-1\\\/#listItem\",\"name\":\"Categoria 1\"}}]},{\"@type\":\"Organization\",\"@id\":\"https:\\\/\\\/4ccarbon.com.br\\\/en\\\/#organization\",\"name\":\"Climate Regtech para o Mercado de Cr\\u00e9ditos de Carbono\",\"description\":\"My WordPress Blog\",\"url\":\"https:\\\/\\\/4ccarbon.com.br\\\/en\\\/\"},{\"@type\":\"Person\",\"@id\":\"https:\\\/\\\/4ccarbon.com.br\\\/en\\\/author\\\/morpetx\\\/#author\",\"url\":\"https:\\\/\\\/4ccarbon.com.br\\\/en\\\/author\\\/morpetx\\\/\",\"name\":\"Marcello S Moreno\",\"image\":{\"@type\":\"ImageObject\",\"@id\":\"https:\\\/\\\/4ccarbon.com.br\\\/en\\\/detalhamento-dos-projetos-publicos-e-de-impacto\\\/#authorImage\",\"url\":\"https:\\\/\\\/secure.gravatar.com\\\/avatar\\\/d08833e0f0eac917a1681651c89fd148748c7a30f6a04ff308aeb329db723480?s=96&d=mm&r=g\",\"width\":96,\"height\":96,\"caption\":\"Marcello S Moreno\"}},{\"@type\":\"WebPage\",\"@id\":\"https:\\\/\\\/4ccarbon.com.br\\\/en\\\/detalhamento-dos-projetos-publicos-e-de-impacto\\\/#webpage\",\"url\":\"https:\\\/\\\/4ccarbon.com.br\\\/en\\\/detalhamento-dos-projetos-publicos-e-de-impacto\\\/\",\"name\":\"DETALHAMENTO DOS PROJETOS P\\u00daBLICOS E DE IMPACTO - Climate Regtech para o Mercado de Cr\\u00e9ditos de Carbono\",\"description\":\"1. RESEX Rio Preto-Jacund\\u00e1 (Rond\\u00f4nia) Natureza: REDD+ em Unidade de Conserva\\u00e7\\u00e3o (Reserva Extrativista). Proponente: Associa\\u00e7\\u00e3o dos Moradores (ASREMJ) com apoio do ICMBio. Certifica\\u00e7\\u00e3o: VCS (Verra) + CCB (Climate, Community & Biodiversity). Status de Gera\\u00e7\\u00e3o: Gerado e Ativo. Quantidades: ~1.000.000 tCO2e j\\u00e1 emitidos. Potencial total de 12.428.700 tCO2e at\\u00e9 2042. Valor: Pre\\u00e7o m\\u00e9dio de mercado volunt\\u00e1rio\",\"inLanguage\":\"en-US\",\"isPartOf\":{\"@id\":\"https:\\\/\\\/4ccarbon.com.br\\\/en\\\/#website\"},\"breadcrumb\":{\"@id\":\"https:\\\/\\\/4ccarbon.com.br\\\/en\\\/detalhamento-dos-projetos-publicos-e-de-impacto\\\/#breadcrumblist\"},\"author\":{\"@id\":\"https:\\\/\\\/4ccarbon.com.br\\\/en\\\/author\\\/morpetx\\\/#author\"},\"creator\":{\"@id\":\"https:\\\/\\\/4ccarbon.com.br\\\/en\\\/author\\\/morpetx\\\/#author\"},\"datePublished\":\"2026-02-08T21:27:27+00:00\",\"dateModified\":\"2026-02-08T21:28:04+00:00\"},{\"@type\":\"WebSite\",\"@id\":\"https:\\\/\\\/4ccarbon.com.br\\\/en\\\/#website\",\"url\":\"https:\\\/\\\/4ccarbon.com.br\\\/en\\\/\",\"name\":\"Climate Regtech para o Mercado de Cr\\u00e9ditos de Carbono\",\"description\":\"My WordPress Blog\",\"inLanguage\":\"en-US\",\"publisher\":{\"@id\":\"https:\\\/\\\/4ccarbon.com.br\\\/en\\\/#organization\"}}]}\n\t\t<\/script>\n\t\t<!-- All in One SEO -->\n\n","aioseo_head_json":{"title":"DETALHAMENTO DOS PROJETOS P\u00daBLICOS E DE IMPACTO - Climate Regtech para o Mercado de Cr\u00e9ditos de Carbono","description":"1. RESEX Rio Preto-Jacund\u00e1 (Rond\u00f4nia) Natureza: REDD+ em Unidade de Conserva\u00e7\u00e3o (Reserva Extrativista). Proponente: Associa\u00e7\u00e3o dos Moradores (ASREMJ) com apoio do ICMBio. Certifica\u00e7\u00e3o: VCS (Verra) + CCB (Climate, Community & Biodiversity). Status de Gera\u00e7\u00e3o: Gerado e Ativo. Quantidades: ~1.000.000 tCO2e j\u00e1 emitidos. Potencial total de 12.428.700 tCO2e at\u00e9 2042. Valor: Pre\u00e7o m\u00e9dio de mercado volunt\u00e1rio","canonical_url":"https:\/\/4ccarbon.com.br\/en\/detalhamento-dos-projetos-publicos-e-de-impacto\/","robots":"max-image-preview:large","keywords":"","webmasterTools":{"miscellaneous":""},"schema":{"@context":"https:\/\/schema.org","@graph":[{"@type":"BlogPosting","@id":"https:\/\/4ccarbon.com.br\/en\/detalhamento-dos-projetos-publicos-e-de-impacto\/#blogposting","name":"DETALHAMENTO DOS PROJETOS P\u00daBLICOS E DE IMPACTO - Climate Regtech para o Mercado de Cr\u00e9ditos de Carbono","headline":"DETALHAMENTO DOS PROJETOS P\u00daBLICOS E DE IMPACTO","author":{"@id":"https:\/\/4ccarbon.com.br\/en\/author\/morpetx\/#author"},"publisher":{"@id":"https:\/\/4ccarbon.com.br\/en\/#organization"},"datePublished":"2026-02-08T21:27:27+00:00","dateModified":"2026-02-08T21:28:04+00:00","inLanguage":"en-US","mainEntityOfPage":{"@id":"https:\/\/4ccarbon.com.br\/en\/detalhamento-dos-projetos-publicos-e-de-impacto\/#webpage"},"isPartOf":{"@id":"https:\/\/4ccarbon.com.br\/en\/detalhamento-dos-projetos-publicos-e-de-impacto\/#webpage"},"articleSection":"Categoria 1"},{"@type":"BreadcrumbList","@id":"https:\/\/4ccarbon.com.br\/en\/detalhamento-dos-projetos-publicos-e-de-impacto\/#breadcrumblist","itemListElement":[{"@type":"ListItem","@id":"https:\/\/4ccarbon.com.br\/en#listItem","position":1,"name":"Home","item":"https:\/\/4ccarbon.com.br\/en","nextItem":{"@type":"ListItem","@id":"https:\/\/4ccarbon.com.br\/en\/category\/category-1\/#listItem","name":"Categoria 1"}},{"@type":"ListItem","@id":"https:\/\/4ccarbon.com.br\/en\/category\/category-1\/#listItem","position":2,"name":"Categoria 1","item":"https:\/\/4ccarbon.com.br\/en\/category\/category-1\/","nextItem":{"@type":"ListItem","@id":"https:\/\/4ccarbon.com.br\/en\/detalhamento-dos-projetos-publicos-e-de-impacto\/#listItem","name":"DETALHAMENTO DOS PROJETOS P\u00daBLICOS E DE IMPACTO"},"previousItem":{"@type":"ListItem","@id":"https:\/\/4ccarbon.com.br\/en#listItem","name":"Home"}},{"@type":"ListItem","@id":"https:\/\/4ccarbon.com.br\/en\/detalhamento-dos-projetos-publicos-e-de-impacto\/#listItem","position":3,"name":"DETALHAMENTO DOS PROJETOS P\u00daBLICOS E DE IMPACTO","previousItem":{"@type":"ListItem","@id":"https:\/\/4ccarbon.com.br\/en\/category\/category-1\/#listItem","name":"Categoria 1"}}]},{"@type":"Organization","@id":"https:\/\/4ccarbon.com.br\/en\/#organization","name":"Climate Regtech para o Mercado de Cr\u00e9ditos de Carbono","description":"My WordPress Blog","url":"https:\/\/4ccarbon.com.br\/en\/"},{"@type":"Person","@id":"https:\/\/4ccarbon.com.br\/en\/author\/morpetx\/#author","url":"https:\/\/4ccarbon.com.br\/en\/author\/morpetx\/","name":"Marcello S Moreno","image":{"@type":"ImageObject","@id":"https:\/\/4ccarbon.com.br\/en\/detalhamento-dos-projetos-publicos-e-de-impacto\/#authorImage","url":"https:\/\/secure.gravatar.com\/avatar\/d08833e0f0eac917a1681651c89fd148748c7a30f6a04ff308aeb329db723480?s=96&d=mm&r=g","width":96,"height":96,"caption":"Marcello S Moreno"}},{"@type":"WebPage","@id":"https:\/\/4ccarbon.com.br\/en\/detalhamento-dos-projetos-publicos-e-de-impacto\/#webpage","url":"https:\/\/4ccarbon.com.br\/en\/detalhamento-dos-projetos-publicos-e-de-impacto\/","name":"DETALHAMENTO DOS PROJETOS P\u00daBLICOS E DE IMPACTO - Climate Regtech para o Mercado de Cr\u00e9ditos de Carbono","description":"1. RESEX Rio Preto-Jacund\u00e1 (Rond\u00f4nia) Natureza: REDD+ em Unidade de Conserva\u00e7\u00e3o (Reserva Extrativista). Proponente: Associa\u00e7\u00e3o dos Moradores (ASREMJ) com apoio do ICMBio. Certifica\u00e7\u00e3o: VCS (Verra) + CCB (Climate, Community & Biodiversity). Status de Gera\u00e7\u00e3o: Gerado e Ativo. Quantidades: ~1.000.000 tCO2e j\u00e1 emitidos. Potencial total de 12.428.700 tCO2e at\u00e9 2042. Valor: Pre\u00e7o m\u00e9dio de mercado volunt\u00e1rio","inLanguage":"en-US","isPartOf":{"@id":"https:\/\/4ccarbon.com.br\/en\/#website"},"breadcrumb":{"@id":"https:\/\/4ccarbon.com.br\/en\/detalhamento-dos-projetos-publicos-e-de-impacto\/#breadcrumblist"},"author":{"@id":"https:\/\/4ccarbon.com.br\/en\/author\/morpetx\/#author"},"creator":{"@id":"https:\/\/4ccarbon.com.br\/en\/author\/morpetx\/#author"},"datePublished":"2026-02-08T21:27:27+00:00","dateModified":"2026-02-08T21:28:04+00:00"},{"@type":"WebSite","@id":"https:\/\/4ccarbon.com.br\/en\/#website","url":"https:\/\/4ccarbon.com.br\/en\/","name":"Climate Regtech para o Mercado de Cr\u00e9ditos de Carbono","description":"My WordPress Blog","inLanguage":"en-US","publisher":{"@id":"https:\/\/4ccarbon.com.br\/en\/#organization"}}]},"og:locale":"en_US","og:site_name":"Climate Regtech para o Mercado de Cr\u00e9ditos de Carbono - My WordPress Blog","og:type":"article","og:title":"DETALHAMENTO DOS PROJETOS P\u00daBLICOS E DE IMPACTO - Climate Regtech para o Mercado de Cr\u00e9ditos de Carbono","og:description":"1. RESEX Rio Preto-Jacund\u00e1 (Rond\u00f4nia) Natureza: REDD+ em Unidade de Conserva\u00e7\u00e3o (Reserva Extrativista). Proponente: Associa\u00e7\u00e3o dos Moradores (ASREMJ) com apoio do ICMBio. Certifica\u00e7\u00e3o: VCS (Verra) + CCB (Climate, Community &amp; Biodiversity). Status de Gera\u00e7\u00e3o: Gerado e Ativo. Quantidades: ~1.000.000 tCO2e j\u00e1 emitidos. Potencial total de 12.428.700 tCO2e at\u00e9 2042. Valor: Pre\u00e7o m\u00e9dio de mercado volunt\u00e1rio","og:url":"https:\/\/4ccarbon.com.br\/en\/detalhamento-dos-projetos-publicos-e-de-impacto\/","article:published_time":"2026-02-08T21:27:27+00:00","article:modified_time":"2026-02-08T21:28:04+00:00","twitter:card":"summary_large_image","twitter:title":"DETALHAMENTO DOS PROJETOS P\u00daBLICOS E DE IMPACTO - Climate Regtech para o Mercado de Cr\u00e9ditos de Carbono","twitter:description":"1. RESEX Rio Preto-Jacund\u00e1 (Rond\u00f4nia) Natureza: REDD+ em Unidade de Conserva\u00e7\u00e3o (Reserva Extrativista). Proponente: Associa\u00e7\u00e3o dos Moradores (ASREMJ) com apoio do ICMBio. Certifica\u00e7\u00e3o: VCS (Verra) + CCB (Climate, Community &amp; Biodiversity). Status de Gera\u00e7\u00e3o: Gerado e Ativo. Quantidades: ~1.000.000 tCO2e j\u00e1 emitidos. Potencial total de 12.428.700 tCO2e at\u00e9 2042. Valor: Pre\u00e7o m\u00e9dio de mercado volunt\u00e1rio"},"aioseo_meta_data":{"post_id":"197","title":null,"description":null,"keywords":null,"keyphrases":null,"primary_term":null,"canonical_url":null,"og_title":null,"og_description":null,"og_object_type":"default","og_image_type":"default","og_image_custom_url":null,"og_image_custom_fields":null,"og_image_url":null,"og_image_width":null,"og_image_height":null,"og_video":null,"og_custom_url":null,"og_article_section":null,"og_article_tags":null,"twitter_use_og":false,"twitter_card":"default","twitter_image_type":"default","twitter_image_custom_url":null,"twitter_image_custom_fields":null,"twitter_image_url":null,"twitter_title":null,"twitter_description":null,"schema_type":"default","schema_type_options":null,"schema":{"blockGraphs":[],"customGraphs":[],"default":{"data":{"Article":[],"Course":[],"Dataset":[],"FAQPage":[],"Movie":[],"Person":[],"Product":[],"ProductReview":[],"Car":[],"Recipe":[],"Service":[],"SoftwareApplication":[],"WebPage":[]},"graphName":"","isEnabled":true},"graphs":[]},"pillar_content":false,"robots_default":true,"robots_noindex":false,"robots_noarchive":false,"robots_nosnippet":false,"robots_nofollow":false,"robots_noimageindex":false,"robots_noodp":false,"robots_notranslate":false,"robots_max_snippet":null,"robots_max_videopreview":null,"robots_max_imagepreview":"large","priority":null,"frequency":null,"local_seo":null,"limit_modified_date":false,"ai":null,"breadcrumb_settings":null,"seo_analyzer_scan_date":null,"created":"2026-07-27 06:13:43","updated":"2026-07-27 06:13:43"},"aioseo_breadcrumb":"<div class=\"aioseo-breadcrumbs\"><span class=\"aioseo-breadcrumb\">\n\t\t\t<a href=\"https:\/\/4ccarbon.com.br\/en\" title=\"Home\">Home<\/a>\n\t\t<\/span><span class=\"aioseo-breadcrumb-separator\">&raquo;<\/span><span class=\"aioseo-breadcrumb\">\n\t\t\t<a href=\"https:\/\/4ccarbon.com.br\/en\/category\/category-1\/\" title=\"Categoria 1\">Categoria 1<\/a>\n\t\t<\/span><span class=\"aioseo-breadcrumb-separator\">&raquo;<\/span><span class=\"aioseo-breadcrumb\">\n\t\t\tDETALHAMENTO DOS PROJETOS P\u00daBLICOS E DE IMPACTO\n\t\t<\/span><\/div>","aioseo_breadcrumb_json":[{"label":"Home","link":"https:\/\/4ccarbon.com.br\/en"},{"label":"Categoria 1","link":"https:\/\/4ccarbon.com.br\/en\/category\/category-1\/"},{"label":"DETALHAMENTO DOS PROJETOS P\u00daBLICOS E DE IMPACTO","link":"https:\/\/4ccarbon.com.br\/en\/detalhamento-dos-projetos-publicos-e-de-impacto\/"}],"yoast_head":"<!-- This site is optimized with the Yoast SEO plugin v27.2 - https:\/\/yoast.com\/product\/yoast-seo-wordpress\/ -->\n<title>DETALHAMENTO DOS PROJETOS P\u00daBLICOS E DE IMPACTO - Climate Regtech para o Mercado de Cr\u00e9ditos de Carbono<\/title>\n<meta name=\"description\" content=\"DETALHAMENTO DOS PROJETOS P\u00daBLICOS E DE IMPACTO Carbono\" \/>\n<meta name=\"robots\" content=\"index, follow, max-snippet:-1, max-image-preview:large, max-video-preview:-1\" \/>\n<link rel=\"canonical\" href=\"https:\/\/4ccarbon.com.br\/en\/detalhamento-dos-projetos-publicos-e-de-impacto\/\" \/>\n<meta property=\"og:locale\" content=\"en_US\" \/>\n<meta property=\"og:type\" content=\"article\" \/>\n<meta property=\"og:title\" content=\"DETALHAMENTO DOS PROJETOS P\u00daBLICOS E DE IMPACTO - Climate Regtech para o Mercado de Cr\u00e9ditos de Carbono\" \/>\n<meta property=\"og:description\" content=\"DETALHAMENTO DOS PROJETOS P\u00daBLICOS E DE IMPACTO Carbono\" \/>\n<meta property=\"og:url\" content=\"https:\/\/4ccarbon.com.br\/en\/detalhamento-dos-projetos-publicos-e-de-impacto\/\" \/>\n<meta property=\"og:site_name\" content=\"Climate Regtech para o Mercado de Cr\u00e9ditos de Carbono\" \/>\n<meta property=\"article:published_time\" content=\"2026-02-08T21:27:27+00:00\" \/>\n<meta property=\"article:modified_time\" content=\"2026-02-08T21:28:04+00:00\" \/>\n<meta name=\"author\" content=\"Marcello S Moreno\" \/>\n<meta name=\"twitter:card\" content=\"summary_large_image\" \/>\n<meta name=\"twitter:label1\" content=\"Written by\" \/>\n\t<meta name=\"twitter:data1\" content=\"Marcello S Moreno\" \/>\n\t<meta name=\"twitter:label2\" content=\"Est. reading time\" \/>\n\t<meta name=\"twitter:data2\" content=\"4 minutes\" \/>\n<script type=\"application\/ld+json\" class=\"yoast-schema-graph\">{\"@context\":\"https:\/\/schema.org\",\"@graph\":[{\"@type\":\"Article\",\"@id\":\"https:\/\/4ccarbon.com.br\/detalhamento-dos-projetos-publicos-e-de-impacto\/#article\",\"isPartOf\":{\"@id\":\"https:\/\/4ccarbon.com.br\/detalhamento-dos-projetos-publicos-e-de-impacto\/\"},\"author\":{\"name\":\"Marcello S Moreno\",\"@id\":\"https:\/\/4ccarbon.com.br\/#\/schema\/person\/ddae2dfe7f46a5c59722d9932f8735df\"},\"headline\":\"DETALHAMENTO DOS PROJETOS P\u00daBLICOS E DE IMPACTO\",\"datePublished\":\"2026-02-08T21:27:27+00:00\",\"dateModified\":\"2026-02-08T21:28:04+00:00\",\"mainEntityOfPage\":{\"@id\":\"https:\/\/4ccarbon.com.br\/detalhamento-dos-projetos-publicos-e-de-impacto\/\"},\"wordCount\":643,\"commentCount\":0,\"publisher\":{\"@id\":\"https:\/\/4ccarbon.com.br\/#organization\"},\"articleSection\":[\"Categoria 1\"],\"inLanguage\":\"en-US\",\"potentialAction\":[{\"@type\":\"CommentAction\",\"name\":\"Comment\",\"target\":[\"https:\/\/4ccarbon.com.br\/detalhamento-dos-projetos-publicos-e-de-impacto\/#respond\"]}]},{\"@type\":\"WebPage\",\"@id\":\"https:\/\/4ccarbon.com.br\/detalhamento-dos-projetos-publicos-e-de-impacto\/\",\"url\":\"https:\/\/4ccarbon.com.br\/detalhamento-dos-projetos-publicos-e-de-impacto\/\",\"name\":\"DETALHAMENTO DOS PROJETOS P\u00daBLICOS E DE IMPACTO - Climate Regtech para o Mercado de Cr\u00e9ditos de Carbono\",\"isPartOf\":{\"@id\":\"https:\/\/4ccarbon.com.br\/#website\"},\"datePublished\":\"2026-02-08T21:27:27+00:00\",\"dateModified\":\"2026-02-08T21:28:04+00:00\",\"description\":\"DETALHAMENTO DOS PROJETOS P\u00daBLICOS E DE IMPACTO Carbono\",\"breadcrumb\":{\"@id\":\"https:\/\/4ccarbon.com.br\/detalhamento-dos-projetos-publicos-e-de-impacto\/#breadcrumb\"},\"inLanguage\":\"en-US\",\"potentialAction\":[{\"@type\":\"ReadAction\",\"target\":[\"https:\/\/4ccarbon.com.br\/detalhamento-dos-projetos-publicos-e-de-impacto\/\"]}]},{\"@type\":\"BreadcrumbList\",\"@id\":\"https:\/\/4ccarbon.com.br\/detalhamento-dos-projetos-publicos-e-de-impacto\/#breadcrumb\",\"itemListElement\":[{\"@type\":\"ListItem\",\"position\":1,\"name\":\"In\u00edcio\",\"item\":\"https:\/\/4ccarbon.com.br\/\"},{\"@type\":\"ListItem\",\"position\":2,\"name\":\"DETALHAMENTO DOS PROJETOS P\u00daBLICOS E DE IMPACTO\"}]},{\"@type\":\"WebSite\",\"@id\":\"https:\/\/4ccarbon.com.br\/#website\",\"url\":\"https:\/\/4ccarbon.com.br\/\",\"name\":\"Climate Regtech para o Mercado de Cr\u00e9ditos de Carbono\",\"description\":\"My WordPress Blog\",\"publisher\":{\"@id\":\"https:\/\/4ccarbon.com.br\/#organization\"},\"potentialAction\":[{\"@type\":\"SearchAction\",\"target\":{\"@type\":\"EntryPoint\",\"urlTemplate\":\"https:\/\/4ccarbon.com.br\/?s={search_term_string}\"},\"query-input\":{\"@type\":\"PropertyValueSpecification\",\"valueRequired\":true,\"valueName\":\"search_term_string\"}}],\"inLanguage\":\"en-US\"},{\"@type\":\"Organization\",\"@id\":\"https:\/\/4ccarbon.com.br\/#organization\",\"name\":\"Climate Regtech para o Mercado de Cr\u00e9ditos de Carbono\",\"url\":\"https:\/\/4ccarbon.com.br\/\",\"logo\":{\"@type\":\"ImageObject\",\"inLanguage\":\"en-US\",\"@id\":\"https:\/\/4ccarbon.com.br\/#\/schema\/logo\/image\/\",\"url\":\"https:\/\/4ccarbon.com.br\/wp-content\/uploads\/2026\/01\/4C_CARBON_logo_transparente.png\",\"contentUrl\":\"https:\/\/4ccarbon.com.br\/wp-content\/uploads\/2026\/01\/4C_CARBON_logo_transparente.png\",\"width\":385,\"height\":315,\"caption\":\"Climate Regtech para o Mercado de Cr\u00e9ditos de Carbono\"},\"image\":{\"@id\":\"https:\/\/4ccarbon.com.br\/#\/schema\/logo\/image\/\"}},{\"@type\":\"Person\",\"@id\":\"https:\/\/4ccarbon.com.br\/#\/schema\/person\/ddae2dfe7f46a5c59722d9932f8735df\",\"name\":\"Marcello S Moreno\",\"image\":{\"@type\":\"ImageObject\",\"inLanguage\":\"en-US\",\"@id\":\"https:\/\/secure.gravatar.com\/avatar\/d08833e0f0eac917a1681651c89fd148748c7a30f6a04ff308aeb329db723480?s=96&d=mm&r=g\",\"url\":\"https:\/\/secure.gravatar.com\/avatar\/d08833e0f0eac917a1681651c89fd148748c7a30f6a04ff308aeb329db723480?s=96&d=mm&r=g\",\"contentUrl\":\"https:\/\/secure.gravatar.com\/avatar\/d08833e0f0eac917a1681651c89fd148748c7a30f6a04ff308aeb329db723480?s=96&d=mm&r=g\",\"caption\":\"Marcello S Moreno\"},\"sameAs\":[\"https:\/\/4ccarbon.com.br\"],\"url\":\"https:\/\/4ccarbon.com.br\/en\/author\/morpetx\/\"}]}<\/script>\n<!-- \/ Yoast SEO plugin. -->","yoast_head_json":{"title":"DETALHAMENTO DOS PROJETOS P\u00daBLICOS E DE IMPACTO - Climate Regtech para o Mercado de Cr\u00e9ditos de Carbono","description":"DETALHAMENTO DOS PROJETOS P\u00daBLICOS E DE IMPACTO Carbono","robots":{"index":"index","follow":"follow","max-snippet":"max-snippet:-1","max-image-preview":"max-image-preview:large","max-video-preview":"max-video-preview:-1"},"canonical":"https:\/\/4ccarbon.com.br\/en\/detalhamento-dos-projetos-publicos-e-de-impacto\/","og_locale":"en_US","og_type":"article","og_title":"DETALHAMENTO DOS PROJETOS P\u00daBLICOS E DE IMPACTO - Climate Regtech para o Mercado de Cr\u00e9ditos de Carbono","og_description":"DETALHAMENTO DOS PROJETOS P\u00daBLICOS E DE IMPACTO Carbono","og_url":"https:\/\/4ccarbon.com.br\/en\/detalhamento-dos-projetos-publicos-e-de-impacto\/","og_site_name":"Climate Regtech para o Mercado de Cr\u00e9ditos de Carbono","article_published_time":"2026-02-08T21:27:27+00:00","article_modified_time":"2026-02-08T21:28:04+00:00","author":"Marcello S Moreno","twitter_card":"summary_large_image","twitter_misc":{"Written by":"Marcello S Moreno","Est. reading time":"4 minutes"},"schema":{"@context":"https:\/\/schema.org","@graph":[{"@type":"Article","@id":"https:\/\/4ccarbon.com.br\/detalhamento-dos-projetos-publicos-e-de-impacto\/#article","isPartOf":{"@id":"https:\/\/4ccarbon.com.br\/detalhamento-dos-projetos-publicos-e-de-impacto\/"},"author":{"name":"Marcello S Moreno","@id":"https:\/\/4ccarbon.com.br\/#\/schema\/person\/ddae2dfe7f46a5c59722d9932f8735df"},"headline":"DETALHAMENTO DOS PROJETOS P\u00daBLICOS E DE IMPACTO","datePublished":"2026-02-08T21:27:27+00:00","dateModified":"2026-02-08T21:28:04+00:00","mainEntityOfPage":{"@id":"https:\/\/4ccarbon.com.br\/detalhamento-dos-projetos-publicos-e-de-impacto\/"},"wordCount":643,"commentCount":0,"publisher":{"@id":"https:\/\/4ccarbon.com.br\/#organization"},"articleSection":["Categoria 1"],"inLanguage":"en-US","potentialAction":[{"@type":"CommentAction","name":"Comment","target":["https:\/\/4ccarbon.com.br\/detalhamento-dos-projetos-publicos-e-de-impacto\/#respond"]}]},{"@type":"WebPage","@id":"https:\/\/4ccarbon.com.br\/detalhamento-dos-projetos-publicos-e-de-impacto\/","url":"https:\/\/4ccarbon.com.br\/detalhamento-dos-projetos-publicos-e-de-impacto\/","name":"DETALHAMENTO DOS PROJETOS P\u00daBLICOS E DE IMPACTO - Climate Regtech para o Mercado de Cr\u00e9ditos de Carbono","isPartOf":{"@id":"https:\/\/4ccarbon.com.br\/#website"},"datePublished":"2026-02-08T21:27:27+00:00","dateModified":"2026-02-08T21:28:04+00:00","description":"DETALHAMENTO DOS PROJETOS P\u00daBLICOS E DE IMPACTO Carbono","breadcrumb":{"@id":"https:\/\/4ccarbon.com.br\/detalhamento-dos-projetos-publicos-e-de-impacto\/#breadcrumb"},"inLanguage":"en-US","potentialAction":[{"@type":"ReadAction","target":["https:\/\/4ccarbon.com.br\/detalhamento-dos-projetos-publicos-e-de-impacto\/"]}]},{"@type":"BreadcrumbList","@id":"https:\/\/4ccarbon.com.br\/detalhamento-dos-projetos-publicos-e-de-impacto\/#breadcrumb","itemListElement":[{"@type":"ListItem","position":1,"name":"In\u00edcio","item":"https:\/\/4ccarbon.com.br\/"},{"@type":"ListItem","position":2,"name":"DETALHAMENTO DOS PROJETOS P\u00daBLICOS E DE IMPACTO"}]},{"@type":"WebSite","@id":"https:\/\/4ccarbon.com.br\/#website","url":"https:\/\/4ccarbon.com.br\/","name":"Climate Regtech for the Carbon Credit Market","description":"My WordPress Blog","publisher":{"@id":"https:\/\/4ccarbon.com.br\/#organization"},"potentialAction":[{"@type":"SearchAction","target":{"@type":"EntryPoint","urlTemplate":"https:\/\/4ccarbon.com.br\/?s={search_term_string}"},"query-input":{"@type":"PropertyValueSpecification","valueRequired":true,"valueName":"search_term_string"}}],"inLanguage":"en-US"},{"@type":"Organization","@id":"https:\/\/4ccarbon.com.br\/#organization","name":"Climate Regtech for the Carbon Credit Market","url":"https:\/\/4ccarbon.com.br\/","logo":{"@type":"ImageObject","inLanguage":"en-US","@id":"https:\/\/4ccarbon.com.br\/#\/schema\/logo\/image\/","url":"https:\/\/4ccarbon.com.br\/wp-content\/uploads\/2026\/01\/4C_CARBON_logo_transparente.png","contentUrl":"https:\/\/4ccarbon.com.br\/wp-content\/uploads\/2026\/01\/4C_CARBON_logo_transparente.png","width":385,"height":315,"caption":"Climate Regtech para o Mercado de Cr\u00e9ditos de Carbono"},"image":{"@id":"https:\/\/4ccarbon.com.br\/#\/schema\/logo\/image\/"}},{"@type":"Person","@id":"https:\/\/4ccarbon.com.br\/#\/schema\/person\/ddae2dfe7f46a5c59722d9932f8735df","name":"Marcello S Moreno","image":{"@type":"ImageObject","inLanguage":"en-US","@id":"https:\/\/secure.gravatar.com\/avatar\/d08833e0f0eac917a1681651c89fd148748c7a30f6a04ff308aeb329db723480?s=96&d=mm&r=g","url":"https:\/\/secure.gravatar.com\/avatar\/d08833e0f0eac917a1681651c89fd148748c7a30f6a04ff308aeb329db723480?s=96&d=mm&r=g","contentUrl":"https:\/\/secure.gravatar.com\/avatar\/d08833e0f0eac917a1681651c89fd148748c7a30f6a04ff308aeb329db723480?s=96&d=mm&r=g","caption":"Marcello S Moreno"},"sameAs":["https:\/\/4ccarbon.com.br"],"url":"https:\/\/4ccarbon.com.br\/en\/author\/morpetx\/"}]}},"_links":{"self":[{"href":"https:\/\/4ccarbon.com.br\/en\/wp-json\/wp\/v2\/posts\/197","targetHints":{"allow":["GET"]}}],"collection":[{"href":"https:\/\/4ccarbon.com.br\/en\/wp-json\/wp\/v2\/posts"}],"about":[{"href":"https:\/\/4ccarbon.com.br\/en\/wp-json\/wp\/v2\/types\/post"}],"author":[{"embeddable":true,"href":"https:\/\/4ccarbon.com.br\/en\/wp-json\/wp\/v2\/users\/1"}],"replies":[{"embeddable":true,"href":"https:\/\/4ccarbon.com.br\/en\/wp-json\/wp\/v2\/comments?post=197"}],"version-history":[{"count":1,"href":"https:\/\/4ccarbon.com.br\/en\/wp-json\/wp\/v2\/posts\/197\/revisions"}],"predecessor-version":[{"id":198,"href":"https:\/\/4ccarbon.com.br\/en\/wp-json\/wp\/v2\/posts\/197\/revisions\/198"}],"wp:attachment":[{"href":"https:\/\/4ccarbon.com.br\/en\/wp-json\/wp\/v2\/media?parent=197"}],"wp:term":[{"taxonomy":"category","embeddable":true,"href":"https:\/\/4ccarbon.com.br\/en\/wp-json\/wp\/v2\/categories?post=197"},{"taxonomy":"post_tag","embeddable":true,"href":"https:\/\/4ccarbon.com.br\/en\/wp-json\/wp\/v2\/tags?post=197"}],"curies":[{"name":"wp","href":"https:\/\/api.w.org\/{rel}","templated":true}]}}