{"id":207,"date":"2026-03-22T19:21:20","date_gmt":"2026-03-22T19:21:20","guid":{"rendered":"https:\/\/4ccarbon.com.br\/?p=207"},"modified":"2026-03-22T22:16:56","modified_gmt":"2026-03-22T22:16:56","slug":"creditos-carbono-validos-maculados-caso-pacajai-risco-fundiario","status":"publish","type":"post","link":"https:\/\/4ccarbon.com.br\/en\/creditos-carbono-validos-maculados-caso-pacajai-risco-fundiario\/","title":{"rendered":"O que o Caso Pacaja\u00ed revela sobre o mercado de carbono"},"content":{"rendered":"<div class=\"wp-block-group alignfull is-style-ext-preset--group--natural-1--section ext-animate--on has-background-background-color has-background has-global-padding is-layout-constrained wp-container-core-group-is-layout-8870cb56 wp-block-group-is-layout-constrained\" style=\"margin-top:0;margin-bottom:0;padding-top:var(--wp--preset--spacing--70);padding-bottom:var(--wp--preset--spacing--70)\">\n<div class=\"wp-block-group ext-animate--on has-global-padding is-layout-constrained wp-container-core-group-is-layout-7acc1fa0 wp-block-group-is-layout-constrained\">\n<figure class=\"wp-block-image size-large\"><img loading=\"lazy\" decoding=\"async\" width=\"1024\" height=\"576\" src=\"https:\/\/4ccarbon.com.br\/wp-content\/uploads\/2026\/03\/Rio-Pacaja-1024x576.jpg\" alt=\"\" class=\"wp-image-209\" srcset=\"https:\/\/4ccarbon.com.br\/wp-content\/uploads\/2026\/03\/Rio-Pacaja-1024x576.jpg 1024w, https:\/\/4ccarbon.com.br\/wp-content\/uploads\/2026\/03\/Rio-Pacaja-300x169.jpg 300w, https:\/\/4ccarbon.com.br\/wp-content\/uploads\/2026\/03\/Rio-Pacaja-768x432.jpg 768w, https:\/\/4ccarbon.com.br\/wp-content\/uploads\/2026\/03\/Rio-Pacaja-1536x864.jpg 1536w, https:\/\/4ccarbon.com.br\/wp-content\/uploads\/2026\/03\/Rio-Pacaja-18x10.jpg 18w, https:\/\/4ccarbon.com.br\/wp-content\/uploads\/2026\/03\/Rio-Pacaja.jpg 1777w\" sizes=\"auto, (max-width: 1024px) 100vw, 1024px\" \/><\/figure>\n\n\n\n<p class=\"wp-block-paragraph\"><br><\/p>\n\n\n\n<hr class=\"wp-block-separator has-alpha-channel-opacity\"\/>\n\n\n\n<h2 class=\"wp-block-heading\"><strong>O caso<\/strong><\/h2>\n\n\n\n<p class=\"wp-block-paragraph\">A recente mat\u00e9ria publicada pela Capital Reset exp\u00f5e uma nova crise no mercado volunt\u00e1rio de carbono, marcada por uma contradi\u00e7\u00e3o estrutural: a exist\u00eancia de cr\u00e9ditos formalmente v\u00e1lidos, mas associados a projetos sob questionamento jur\u00eddico e fundi\u00e1rio.<\/p>\n\n\n\n<p class=\"wp-block-paragraph\">O caso envolve um projeto REDD+ no Par\u00e1 (Projeto Pacaja\u00ed), cujos cr\u00e9ditos continuam v\u00e1lidos no sistema, apesar de investiga\u00e7\u00f5es que indicam poss\u00edveis irregularidades na origem territorial da \u00e1rea.<\/p>\n\n\n\n<p class=\"wp-block-paragraph\">Grandes empresas utilizaram esses cr\u00e9ditos para compensa\u00e7\u00e3o de emiss\u00f5es, ampliando o impacto reputacional do problema e evidenciando uma fragilidade sist\u00eamica na forma como a integridade desses ativos \u00e9 avaliada.<\/p>\n\n\n\n<hr class=\"wp-block-separator has-alpha-channel-opacity\"\/>\n\n\n\n<h2 class=\"wp-block-heading\"><strong>Delimita\u00e7\u00e3o territorial do projeto<\/strong><\/h2>\n\n\n\n<p class=\"wp-block-paragraph\">O Projeto Pacajai (VCS 981) ocupa um pol\u00edgono que se estende por aproximadamente 135.105 hectares. A \u00e1rea n\u00e3o \u00e9 uma reserva \u00fanica e cont\u00ednua, mas sim um mosaico de glebas que seguem a bacia hidrogr\u00e1fica local.<br>\u2022 Ponto de Refer\u00eancia Central: A \u00e1rea estende-se ao longo das margens do Rio Pacaj\u00e1, subindo em dire\u00e7\u00e3o ao sul a partir da sede do munic\u00edpio de Portel.<br>\u2022 Limites Geogr\u00e1ficos: O projeto \u00e9 limitado ao norte pelas proximidades da Ba\u00eda de Melga\u00e7o e a oeste pelo divisor de \u00e1guas que separa a bacia do Pacaj\u00e1 da bacia do Rio Anapu.<br>\u2022 Acesso e Monitoramento: A regi\u00e3o \u00e9 de dif\u00edcil acesso terrestre, sendo o modal hidrovi\u00e1rio o principal meio de fiscaliza\u00e7\u00e3o e circula\u00e7\u00e3o para as comunidades ribeirinhas envolvidas no projeto.<\/p>\n\n\n\n<p class=\"wp-block-paragraph\">Para delimitar a \u00e1rea denominada como Projeto Pacajai (VCS ID 981), aqui est\u00e3o as coordenadas e os limites geogr\u00e1ficos oficiais extra\u00eddos da base de dados do registro:<\/p>\n\n\n\n<ol class=\"wp-block-list\">\n<li>Localiza\u00e7\u00e3o Regional e Munic\u00edpio<br>A \u00e1rea est\u00e1 situada integralmente no estado do Par\u00e1, dentro do munic\u00edpio de Portel. Ela faz parte de uma regi\u00e3o historicamente conhecida como o &#8220;Cintur\u00e3o do Desmatamento&#8221; na Amaz\u00f4nia Oriental.<\/li>\n\n\n\n<li>Coordenadas Geogr\u00e1ficas (Centroide e Extens\u00e3o)<br>O projeto n\u00e3o \u00e9 um quadrado perfeito, mas sim um pol\u00edgono complexo composto por v\u00e1rias glebas de terra. Os pontos extremos de refer\u00eancia s\u00e3o:<br>\u2022 Latitude: Entre 2\u00b0 18&#8242; S e 2\u00b0 53&#8242; S<br>\u2022 Longitude: Entre 50\u00b0 25&#8242; W e 50\u00b0 59&#8242; W<\/li>\n\n\n\n<li>Delimita\u00e7\u00e3o por Limites F\u00edsicos e Confrontantes<br>A \u00e1rea de 135.105 hectares \u00e9 delimitada da seguinte forma:<br>\u2022 Ao Norte e Nordeste: A \u00e1rea \u00e9 limitada pelos rios Pacajai e Anapu.<br>\u2022 Ao Sul: Faz fronteira com \u00e1reas de floresta nativa remanescente e outras propriedades privadas\/estatais.<br>\u2022 Ao Oeste: Segue o curso de diversos igarap\u00e9s afluentes do Rio Pacajai.<\/li>\n\n\n\n<li>Estrutura Fundi\u00e1ria<br>A \u00e1rea do projeto \u00e9 composta por uma agrega\u00e7\u00e3o de propriedades que os proponentes (ADPML e outros) afirmam ser privadas. No entanto, a delimita\u00e7\u00e3o exata sobre o mapa oficial do Par\u00e1 (ITERPA) mostra que o projeto est\u00e1 inserido em uma zona onde h\u00e1:<br>\u2022 Sobreposi\u00e7\u00e3o com Glebas Estaduais: H\u00e1 alega\u00e7\u00f5es de que partes do pol\u00edgono do projeto coincidem com a Gleba Estadual Parauaquara.<br>\u2022 Proximidade com Assentamentos: A \u00e1rea limita-se e, em alguns pontos, sobrep\u00f5e-se a \u00e1reas reivindicadas por comunidades tradicionais (Ribeirinhos) que buscam a regulariza\u00e7\u00e3o via Assentamentos Agroextrativistas (PEEX).<\/li>\n<\/ol>\n\n\n\n<hr class=\"wp-block-separator has-alpha-channel-opacity\"\/>\n\n\n\n<h2 class=\"wp-block-heading\"><strong>A falha estrutural<\/strong><\/h2>\n\n\n\n<p class=\"wp-block-paragraph\">A certificadora respons\u00e1vel suspendeu novas emiss\u00f5es do projeto ap\u00f3s receber manifesta\u00e7\u00f5es de stakeholders e apontamentos de \u00f3rg\u00e3os p\u00fablicos indicando:<\/p>\n\n\n\n<ul class=\"wp-block-list\">\n<li>poss\u00edvel sobreposi\u00e7\u00e3o do projeto com terras p\u00fablicas<\/li>\n\n\n\n<li>inconsist\u00eancias fundi\u00e1rias relevantes<\/li>\n\n\n\n<li>questionamentos sobre a legitimidade do direito de uso da \u00e1rea<\/li>\n<\/ul>\n\n\n\n<p class=\"wp-block-paragraph\">O sistema atual revela uma limita\u00e7\u00e3o cr\u00edtica:<\/p>\n\n\n\n<ul class=\"wp-block-list\">\n<li>certificadoras n\u00e3o verificam adequadamente quest\u00f5es fundi\u00e1rias<\/li>\n\n\n\n<li>valida\u00e7\u00f5es s\u00e3o baseadas majoritariamente em informa\u00e7\u00f5es declaradas pelos proponentes<\/li>\n\n\n\n<li>h\u00e1 limita\u00e7\u00e3o na integra\u00e7\u00e3o de dados territoriais no Brasil<\/li>\n<\/ul>\n\n\n\n<p class=\"wp-block-paragraph\">O resultado \u00e9 claro:<\/p>\n\n\n\n<blockquote class=\"wp-block-quote is-layout-flow wp-block-quote-is-layout-flow\">\n<p class=\"wp-block-paragraph\">o mercado permite a circula\u00e7\u00e3o de cr\u00e9ditos formalmente v\u00e1lidos, mas potencialmente contaminados por riscos jur\u00eddicos e reputacionais.<\/p>\n<\/blockquote>\n\n\n\n<hr class=\"wp-block-separator has-alpha-channel-opacity\"\/>\n\n\n\n<h2 class=\"wp-block-heading\"><strong>O problema de fundo<\/strong><\/h2>\n\n\n\n<p class=\"wp-block-paragraph\">falta de comprova\u00e7\u00e3o de titularidade da propriedade, ou posse\/dom\u00ednio, cess\u00e3o p\u00fablica ou privada da \u00e1rea<\/p>\n\n\n\n<hr class=\"wp-block-separator has-alpha-channel-opacity\"\/>\n\n\n\n<h2 class=\"wp-block-heading\"><strong>O que deveria ser o m\u00ednimo<\/strong><\/h2>\n\n\n\n<p class=\"wp-block-paragraph\">desde a sua concep\u00e7\u00e3o, os projetos n\u00e3o podem deixar d\u00favidas a respeito das quest\u00f5es fundi\u00e1rias, pois n\u00e3o se pode explorar cr\u00e9ditos cuja \u00e1rea o proponente n\u00e3o seja:<\/p>\n\n\n\n<ul class=\"wp-block-list\">\n<li>propriet\u00e1rio<\/li>\n\n\n\n<li>possuidor<\/li>\n\n\n\n<li>cession\u00e1rio publico ou privado<\/li>\n\n\n\n<li>ou cuja \u00e1rea seja objeto de disputa judicial<\/li>\n<\/ul>\n\n\n\n<p class=\"wp-block-paragraph\">Deve haver um instrumento p\u00fablico de direito h\u00e1bil a comprovar qualquer uma destas situa\u00e7\u00f5es e, al\u00e9m disso, \u00e9 recomend\u00e1vel que haja autoriza\u00e7\u00e3o\/homologa\u00e7\u00e3o dos \u00f3rg\u00e3os p\u00fablicos competentes (INCRA. MMA, Secretarias Estaduais) para a explora\u00e7\u00e3o das respectivas \u00e1reas.<\/p>\n\n\n\n<p class=\"wp-block-paragraph\">Este \u00e9 o due diligence m\u00ednimo que vai garantir a integridade do projeto ambiental e dos cr\u00e9ditos de carbono que ser\u00e3o gerados adiante, evitando as mais variadas formas de greenwashing.<\/p>\n\n\n\n<hr class=\"wp-block-separator has-alpha-channel-opacity\"\/>\n\n\n\n<h2 class=\"wp-block-heading\"><strong>Conclus\u00e3o<\/strong><\/h2>\n\n\n\n<p class=\"wp-block-paragraph\">O caso Pacaja\u00ed evidencia uma mudan\u00e7a de paradigma:<\/p>\n\n\n\n<blockquote class=\"wp-block-quote is-layout-flow wp-block-quote-is-layout-flow\">\n<p class=\"wp-block-paragraph\">n\u00e3o basta que o cr\u00e9dito seja v\u00e1lido \u2014 \u00e9 necess\u00e1rio que o ativo que o sustenta seja \u00edntegro.<\/p>\n<\/blockquote>\n\n\n\n<p class=\"has-text-align-center ext-animate--on wp-block-paragraph\">A integridade do mercado de carbono depende, necessariamente, da integridade fundi\u00e1ria dos projetos que lhe d\u00e3o origem.<\/p>\n\n\n\n<p class=\"wp-block-paragraph\"><strong>Fonte\/Artigo:<\/strong> Nova crise no mercado de carbono: cr\u00e9ditos v\u00e1lidos, mas maculados, <strong>autoria:<\/strong> Eduardo Laviano, <strong>Publica\u00e7\u00e3o:<\/strong> <a href=\"https:\/\/capitalreset.uol.com.br\/carbono\/creditos-de-carbono\/nova-crise-no-mercado-de-carbono-creditos-validos-mas-maculados\/\">Capital Reset<\/a><\/p>\n<\/div>\n\n\n\n<div data-wp-context=\"{}\" data-wp-interactive=\"core\/query\" data-wp-key=\"10\" data-wp-router-region=\"query-10\" class=\"wp-block-query alignwide ext-animate--on has-global-padding is-layout-constrained wp-container-core-query-is-layout-255389e8 wp-block-query-is-layout-constrained\"><ul class=\"wp-block-post-template is-layout-flow wp-block-post-template-is-layout-flow\"><li data-wp-key=\"post-template-item-352\" class=\"wp-block-post post-352 post type-post status-publish format-standard has-post-thumbnail hentry category-category-1 tag-blockchain tag-creditos-de-carbono tag-custodia-digital tag-due-diligence tag-integridade-de-projetos tag-redd\">\n\n<div class=\"wp-block-media-text is-stacked-on-mobile is-image-fill-element is-style-ext-preset--media-text--natural-1--card-1 ext-animate--on has-tertiary-background-color has-background is-style-ext-preset--media-text--natural-1--card-1--2\" style=\"grid-template-columns:33% auto\"><figure  class=\"wp-block-media-text__media\"><img loading=\"lazy\" decoding=\"async\" width=\"1200\" height=\"674\" alt=\"\" src=\"https:\/\/4ccarbon.com.br\/wp-content\/uploads\/2026\/07\/rio-tapajos.jpg\" style=\"object-position:50% 50%;\" class=\"wp-image-317 size-full\" srcset=\"https:\/\/4ccarbon.com.br\/wp-content\/uploads\/2026\/07\/rio-tapajos.jpg 1200w, https:\/\/4ccarbon.com.br\/wp-content\/uploads\/2026\/07\/rio-tapajos-300x169.jpg 300w, https:\/\/4ccarbon.com.br\/wp-content\/uploads\/2026\/07\/rio-tapajos-1024x575.jpg 1024w, https:\/\/4ccarbon.com.br\/wp-content\/uploads\/2026\/07\/rio-tapajos-768x431.jpg 768w, https:\/\/4ccarbon.com.br\/wp-content\/uploads\/2026\/07\/rio-tapajos-18x10.jpg 18w\" sizes=\"auto, (max-width: 1200px) 100vw, 1200px\" \/><\/figure><div class=\"wp-block-media-text__content\">\n<div class=\"wp-block-group is-style-default ext-animate--on is-layout-flow wp-block-group-is-layout-flow\"><div style=\"font-size:14px;font-style:normal;font-weight:600\" class=\"taxonomy-category has-link-color wp-elements-1 wp-block-post-terms\"><a href=\"https:\/\/4ccarbon.com.br\/en\/category\/category-1\/\" rel=\"tag\">Category 1<\/a><\/div>\n\n<h3 style=\"font-size:clamp(0.984rem, 0.984rem + ((1vw - 0.2rem) * 0.86), 1.5rem);margin-bottom:8px;margin-top:12px\" class=\"wp-block-post-title\"><a href=\"https:\/\/4ccarbon.com.br\/en\/como-garantir-a-integridade-do-credito-de-carbono-redd\/\" target=\"_self\" >Como Garantir a Integridade do Cr\u00e9dito de Carbono REDD+<\/a><\/h3>\n\n<div style=\"margin-top:8px;margin-bottom:0\" class=\"wp-block-post-excerpt has-small-font-size\"><p class=\"wp-block-post-excerpt__excerpt\">Entenda as tr\u00eas camadas de integridade dos cr\u00e9ditos REDD+: base fundi\u00e1ria, certifica\u00e7\u00e3o cient\u00edfica e cust\u00f3dia digital com unicidade criptogr\u00e1fica. <\/p><\/div>\n\n\n<div class=\"wp-block-group ext-animate--on is-nowrap is-layout-flex wp-container-core-group-is-layout-bfa65217 wp-block-group-is-layout-flex\" style=\"margin-top:24px;padding-top:0;padding-right:0;padding-bottom:0;padding-left:0\"><div class=\"wp-block-avatar\"><a href=\"https:\/\/4ccarbon.com.br\/en\/author\/morpetx\/\" target=\"_self\"  class=\"wp-block-avatar__link\"><img alt='Marcello S Moreno Avatar' src='https:\/\/secure.gravatar.com\/avatar\/d08833e0f0eac917a1681651c89fd148748c7a30f6a04ff308aeb329db723480?s=48&#038;d=mm&#038;r=g' srcset='https:\/\/secure.gravatar.com\/avatar\/d08833e0f0eac917a1681651c89fd148748c7a30f6a04ff308aeb329db723480?s=96&#038;d=mm&#038;r=g 2x' class='avatar avatar-48 photo wp-block-avatar__image' height='48' width='48'  style=\"border-radius:100px;\"\/><\/a><\/div>\n\n<div style=\"font-size:14px;font-style:normal;font-weight:600;text-decoration:none\" class=\"wp-block-post-author-name\"><a href=\"https:\/\/4ccarbon.com.br\/en\/author\/morpetx\/\" target=\"_self\" class=\"wp-block-post-author-name__link\">Marcello S Moreno<\/a><\/div>\n\n\n<hr class=\"wp-block-separator has-text-color has-foreground-alt-color has-alpha-channel-opacity has-foreground-alt-background-color has-background ext-animate--on wp-container-content-4daaf377\"\/>\n\n\n<div style=\"font-size:14px;text-transform:lowercase\" class=\"wp-block-post-date\"><time datetime=\"2026-08-25T04:18:02+00:00\">2 weeks ago<\/time><\/div><\/div>\n<\/div>\n<\/div><\/div>\n\n<\/li><li data-wp-key=\"post-template-item-280\" class=\"wp-block-post post-280 post type-post status-publish format-standard hentry category-category-1\">\n\n<div class=\"wp-block-media-text is-stacked-on-mobile is-image-fill-element is-style-ext-preset--media-text--natural-1--card-1 ext-animate--on has-tertiary-background-color has-background is-style-ext-preset--media-text--natural-1--card-1--4\" style=\"grid-template-columns:33% auto\"><figure class=\"wp-block-media-text__media\"><\/figure><div class=\"wp-block-media-text__content\">\n<div class=\"wp-block-group is-style-default ext-animate--on is-layout-flow wp-block-group-is-layout-flow\"><div style=\"font-size:14px;font-style:normal;font-weight:600\" class=\"taxonomy-category has-link-color wp-elements-2 wp-block-post-terms\"><a href=\"https:\/\/4ccarbon.com.br\/en\/category\/category-1\/\" rel=\"tag\">Category 1<\/a><\/div>\n\n<h3 style=\"font-size:clamp(0.984rem, 0.984rem + ((1vw - 0.2rem) * 0.86), 1.5rem);margin-bottom:8px;margin-top:12px\" class=\"wp-block-post-title\"><a href=\"https:\/\/4ccarbon.com.br\/en\/a-crise-da-cvm-nao-e-uma-crise-do-mercado-de-carbono\/\" target=\"_self\" >The CVM crisis is not a carbon market crisis<\/a><\/h3>\n\n<div style=\"margin-top:8px;margin-bottom:0\" class=\"wp-block-post-excerpt has-small-font-size\"><p class=\"wp-block-post-excerpt__excerpt\">Como a controv\u00e9rsia sobre os reportes clim\u00e1ticos est\u00e1 sendo confundida com a implementa\u00e7\u00e3o do mercado regulado de carbono no Brasil Nas \u00faltimas semanas, a decis\u00e3o da Comiss\u00e3o de Valores Mobili\u00e1rios (CVM) de&hellip; <\/p><\/div>\n\n\n<div class=\"wp-block-group ext-animate--on is-nowrap is-layout-flex wp-container-core-group-is-layout-bfa65217 wp-block-group-is-layout-flex\" style=\"margin-top:24px;padding-top:0;padding-right:0;padding-bottom:0;padding-left:0\"><div class=\"wp-block-avatar\"><a href=\"https:\/\/4ccarbon.com.br\/en\/author\/morpetx\/\" target=\"_self\"  class=\"wp-block-avatar__link\"><img alt='Marcello S Moreno Avatar' src='https:\/\/secure.gravatar.com\/avatar\/d08833e0f0eac917a1681651c89fd148748c7a30f6a04ff308aeb329db723480?s=48&#038;d=mm&#038;r=g' srcset='https:\/\/secure.gravatar.com\/avatar\/d08833e0f0eac917a1681651c89fd148748c7a30f6a04ff308aeb329db723480?s=96&#038;d=mm&#038;r=g 2x' class='avatar avatar-48 photo wp-block-avatar__image' height='48' width='48'  style=\"border-radius:100px;\"\/><\/a><\/div>\n\n<div style=\"font-size:14px;font-style:normal;font-weight:600;text-decoration:none\" class=\"wp-block-post-author-name\"><a href=\"https:\/\/4ccarbon.com.br\/en\/author\/morpetx\/\" target=\"_self\" class=\"wp-block-post-author-name__link\">Marcello S Moreno<\/a><\/div>\n\n\n<hr class=\"wp-block-separator has-text-color has-foreground-alt-color has-alpha-channel-opacity has-foreground-alt-background-color has-background ext-animate--on wp-container-content-4daaf377\"\/>\n\n\n<div style=\"font-size:14px;text-transform:lowercase\" class=\"wp-block-post-date\"><time datetime=\"2026-06-09T16:44:35+00:00\">3 months ago<\/time><\/div><\/div>\n<\/div>\n<\/div><\/div>\n\n<\/li><li data-wp-key=\"post-template-item-267\" class=\"wp-block-post post-267 post type-post status-publish format-standard hentry category-category-1 tag-amazonia tag-ativos-ambientais tag-banco-master tag-creditos-de-carbono tag-due-diligence tag-greenwashing tag-integridade-de-projetos tag-mercado-de-carbono tag-regulacao-ambiental tag-risco-fundiario\">\n\n<div class=\"wp-block-media-text is-stacked-on-mobile is-image-fill-element is-style-ext-preset--media-text--natural-1--card-1 ext-animate--on has-tertiary-background-color has-background is-style-ext-preset--media-text--natural-1--card-1--5\" style=\"grid-template-columns:33% auto\"><figure class=\"wp-block-media-text__media\"><\/figure><div class=\"wp-block-media-text__content\">\n<div class=\"wp-block-group is-style-default ext-animate--on is-layout-flow wp-block-group-is-layout-flow\"><div style=\"font-size:14px;font-style:normal;font-weight:600\" class=\"taxonomy-category has-link-color wp-elements-3 wp-block-post-terms\"><a href=\"https:\/\/4ccarbon.com.br\/en\/category\/category-1\/\" rel=\"tag\">Category 1<\/a><\/div>\n\n<h3 style=\"font-size:clamp(0.984rem, 0.984rem + ((1vw - 0.2rem) * 0.86), 1.5rem);margin-bottom:8px;margin-top:12px\" class=\"wp-block-post-title\"><a href=\"https:\/\/4ccarbon.com.br\/en\/caso-banco-master-ativos-ambientais-carbono\/\" target=\"_self\" >Banco Master Case: Environmental Assets, Structural Failure, and the Limits of the Carbon Market<\/a><\/h3>\n\n<div style=\"margin-top:8px;margin-bottom:0\" class=\"wp-block-post-excerpt has-small-font-size\"><p class=\"wp-block-post-excerpt__excerpt\">O caso Banco Master representa um dos epis\u00f3dios mais relevantes recentes de falha estrutural na valida\u00e7\u00e3o de ativos complexos no Brasil. As investiga\u00e7\u00f5es conduzidas por \u00f3rg\u00e3os como o Banco Central, a Comiss\u00e3o&hellip; <\/p><\/div>\n\n\n<div class=\"wp-block-group ext-animate--on is-nowrap is-layout-flex wp-container-core-group-is-layout-bfa65217 wp-block-group-is-layout-flex\" style=\"margin-top:24px;padding-top:0;padding-right:0;padding-bottom:0;padding-left:0\"><div class=\"wp-block-avatar\"><a href=\"https:\/\/4ccarbon.com.br\/en\/author\/morpetx\/\" target=\"_self\"  class=\"wp-block-avatar__link\"><img alt='Marcello S Moreno Avatar' src='https:\/\/secure.gravatar.com\/avatar\/d08833e0f0eac917a1681651c89fd148748c7a30f6a04ff308aeb329db723480?s=48&#038;d=mm&#038;r=g' srcset='https:\/\/secure.gravatar.com\/avatar\/d08833e0f0eac917a1681651c89fd148748c7a30f6a04ff308aeb329db723480?s=96&#038;d=mm&#038;r=g 2x' class='avatar avatar-48 photo wp-block-avatar__image' height='48' width='48'  style=\"border-radius:100px;\"\/><\/a><\/div>\n\n<div style=\"font-size:14px;font-style:normal;font-weight:600;text-decoration:none\" class=\"wp-block-post-author-name\"><a href=\"https:\/\/4ccarbon.com.br\/en\/author\/morpetx\/\" target=\"_self\" class=\"wp-block-post-author-name__link\">Marcello S Moreno<\/a><\/div>\n\n\n<hr class=\"wp-block-separator has-text-color has-foreground-alt-color has-alpha-channel-opacity has-foreground-alt-background-color has-background ext-animate--on wp-container-content-4daaf377\"\/>\n\n\n<div style=\"font-size:14px;text-transform:lowercase\" class=\"wp-block-post-date\"><time datetime=\"2026-03-26T17:27:14+00:00\">5 months ago<\/time><\/div><\/div>\n<\/div>\n<\/div><\/div>\n\n<\/li><\/ul>\n\n<\/div>\n\n\n\n<div class=\"wp-block-buttons alignwide ext-animate--on is-content-justification-center is-layout-flex wp-container-core-buttons-is-layout-c0bc9f7e wp-block-buttons-is-layout-flex\">\n<div class=\"wp-block-button is-style-ext-preset--button--natural-1--button-1 ext-animate--on is-style-ext-preset--button--natural-1--button-1--6\"><a class=\"wp-block-button__link wp-element-button\" href=\"#extendify-blog\">Ver tudo<\/a><\/div>\n<\/div>\n<\/div>","protected":false},"excerpt":{"rendered":"<p>O caso A recente mat\u00e9ria publicada pela Capital Reset exp\u00f5e uma nova crise no mercado volunt\u00e1rio de carbono, marcada por uma contradi\u00e7\u00e3o estrutural: a exist\u00eancia de cr\u00e9ditos formalmente v\u00e1lidos, mas associados a projetos sob questionamento jur\u00eddico e fundi\u00e1rio. O caso envolve um projeto REDD+ no Par\u00e1 (Projeto Pacaja\u00ed), cujos cr\u00e9ditos continuam v\u00e1lidos no sistema, apesar [&hellip;]<\/p>\n","protected":false},"author":1,"featured_media":0,"comment_status":"open","ping_status":"open","sticky":false,"template":"","format":"standard","meta":{"_monsterinsights_skip_tracking":false,"_uf_show_specific_survey":0,"_uf_disable_surveys":false,"footnotes":""},"categories":[6],"tags":[],"class_list":["post-207","post","type-post","status-publish","format-standard","hentry","category-category-1"],"aioseo_notices":[],"aioseo_head":"\n\t\t<!-- All in One SEO 4.9.10 - aioseo.com -->\n\t<meta name=\"description\" content=\"O caso A recente mat\u00e9ria publicada pela Capital Reset exp\u00f5e uma nova crise no mercado volunt\u00e1rio de carbono, marcada por uma contradi\u00e7\u00e3o estrutural: a exist\u00eancia de cr\u00e9ditos formalmente v\u00e1lidos, mas associados a projetos sob questionamento jur\u00eddico e fundi\u00e1rio. O caso envolve um projeto REDD+ no Par\u00e1 (Projeto Pacaja\u00ed), cujos cr\u00e9ditos continuam v\u00e1lidos no sistema, apesar\" \/>\n\t<meta name=\"robots\" content=\"max-image-preview:large\" \/>\n\t<meta name=\"author\" content=\"Marcello S Moreno\"\/>\n\t<link rel=\"canonical\" href=\"https:\/\/4ccarbon.com.br\/en\/creditos-carbono-validos-maculados-caso-pacajai-risco-fundiario\/\" \/>\n\t<meta name=\"generator\" content=\"All in One SEO (AIOSEO) 4.9.10\" \/>\n\t\t<meta property=\"og:locale\" content=\"en_US\" \/>\n\t\t<meta property=\"og:site_name\" content=\"Climate Regtech para o Mercado de Cr\u00e9ditos de Carbono - My WordPress Blog\" \/>\n\t\t<meta property=\"og:type\" content=\"article\" \/>\n\t\t<meta property=\"og:title\" content=\"O que o Caso Pacaja\u00ed revela sobre o mercado de carbono - Climate Regtech para o Mercado de Cr\u00e9ditos de Carbono\" \/>\n\t\t<meta property=\"og:description\" content=\"O caso A recente mat\u00e9ria publicada pela Capital Reset exp\u00f5e uma nova crise no mercado volunt\u00e1rio de carbono, marcada por uma contradi\u00e7\u00e3o estrutural: a exist\u00eancia de cr\u00e9ditos formalmente v\u00e1lidos, mas associados a projetos sob questionamento jur\u00eddico e fundi\u00e1rio. O caso envolve um projeto REDD+ no Par\u00e1 (Projeto Pacaja\u00ed), cujos cr\u00e9ditos continuam v\u00e1lidos no sistema, apesar\" \/>\n\t\t<meta property=\"og:url\" content=\"https:\/\/4ccarbon.com.br\/en\/creditos-carbono-validos-maculados-caso-pacajai-risco-fundiario\/\" \/>\n\t\t<meta property=\"article:published_time\" content=\"2026-03-22T19:21:20+00:00\" \/>\n\t\t<meta property=\"article:modified_time\" content=\"2026-03-22T22:16:56+00:00\" \/>\n\t\t<meta name=\"twitter:card\" content=\"summary_large_image\" \/>\n\t\t<meta name=\"twitter:title\" content=\"O que o Caso Pacaja\u00ed revela sobre o mercado de carbono - Climate Regtech para o Mercado de Cr\u00e9ditos de Carbono\" \/>\n\t\t<meta name=\"twitter:description\" content=\"O caso A recente mat\u00e9ria publicada pela Capital Reset exp\u00f5e uma nova crise no mercado volunt\u00e1rio de carbono, marcada por uma contradi\u00e7\u00e3o estrutural: a exist\u00eancia de cr\u00e9ditos formalmente v\u00e1lidos, mas associados a projetos sob questionamento jur\u00eddico e fundi\u00e1rio. O caso envolve um projeto REDD+ no Par\u00e1 (Projeto Pacaja\u00ed), cujos cr\u00e9ditos continuam v\u00e1lidos no sistema, apesar\" \/>\n\t\t<script type=\"application\/ld+json\" class=\"aioseo-schema\">\n\t\t\t{\"@context\":\"https:\\\/\\\/schema.org\",\"@graph\":[{\"@type\":\"BlogPosting\",\"@id\":\"https:\\\/\\\/4ccarbon.com.br\\\/en\\\/creditos-carbono-validos-maculados-caso-pacajai-risco-fundiario\\\/#blogposting\",\"name\":\"O que o Caso Pacaja\\u00ed revela sobre o mercado de carbono - Climate Regtech para o Mercado de Cr\\u00e9ditos de Carbono\",\"headline\":\"O que o Caso Pacaja\\u00ed revela sobre o mercado de carbono\",\"author\":{\"@id\":\"https:\\\/\\\/4ccarbon.com.br\\\/en\\\/author\\\/morpetx\\\/#author\"},\"publisher\":{\"@id\":\"https:\\\/\\\/4ccarbon.com.br\\\/en\\\/#organization\"},\"image\":{\"@type\":\"ImageObject\",\"url\":\"https:\\\/\\\/4ccarbon.com.br\\\/wp-content\\\/uploads\\\/2026\\\/03\\\/Rio-Pacaja.jpg\",\"@id\":\"https:\\\/\\\/4ccarbon.com.br\\\/en\\\/creditos-carbono-validos-maculados-caso-pacajai-risco-fundiario\\\/#articleImage\",\"width\":1777,\"height\":1000},\"datePublished\":\"2026-03-22T19:21:20+00:00\",\"dateModified\":\"2026-03-22T22:16:56+00:00\",\"inLanguage\":\"en-US\",\"mainEntityOfPage\":{\"@id\":\"https:\\\/\\\/4ccarbon.com.br\\\/en\\\/creditos-carbono-validos-maculados-caso-pacajai-risco-fundiario\\\/#webpage\"},\"isPartOf\":{\"@id\":\"https:\\\/\\\/4ccarbon.com.br\\\/en\\\/creditos-carbono-validos-maculados-caso-pacajai-risco-fundiario\\\/#webpage\"},\"articleSection\":\"Categoria 1\"},{\"@type\":\"BreadcrumbList\",\"@id\":\"https:\\\/\\\/4ccarbon.com.br\\\/en\\\/creditos-carbono-validos-maculados-caso-pacajai-risco-fundiario\\\/#breadcrumblist\",\"itemListElement\":[{\"@type\":\"ListItem\",\"@id\":\"https:\\\/\\\/4ccarbon.com.br\\\/en#listItem\",\"position\":1,\"name\":\"Home\",\"item\":\"https:\\\/\\\/4ccarbon.com.br\\\/en\",\"nextItem\":{\"@type\":\"ListItem\",\"@id\":\"https:\\\/\\\/4ccarbon.com.br\\\/en\\\/category\\\/category-1\\\/#listItem\",\"name\":\"Categoria 1\"}},{\"@type\":\"ListItem\",\"@id\":\"https:\\\/\\\/4ccarbon.com.br\\\/en\\\/category\\\/category-1\\\/#listItem\",\"position\":2,\"name\":\"Categoria 1\",\"item\":\"https:\\\/\\\/4ccarbon.com.br\\\/en\\\/category\\\/category-1\\\/\",\"nextItem\":{\"@type\":\"ListItem\",\"@id\":\"https:\\\/\\\/4ccarbon.com.br\\\/en\\\/creditos-carbono-validos-maculados-caso-pacajai-risco-fundiario\\\/#listItem\",\"name\":\"O que o Caso Pacaja\\u00ed revela sobre o mercado de carbono\"},\"previousItem\":{\"@type\":\"ListItem\",\"@id\":\"https:\\\/\\\/4ccarbon.com.br\\\/en#listItem\",\"name\":\"Home\"}},{\"@type\":\"ListItem\",\"@id\":\"https:\\\/\\\/4ccarbon.com.br\\\/en\\\/creditos-carbono-validos-maculados-caso-pacajai-risco-fundiario\\\/#listItem\",\"position\":3,\"name\":\"O que o Caso Pacaja\\u00ed revela sobre o mercado de carbono\",\"previousItem\":{\"@type\":\"ListItem\",\"@id\":\"https:\\\/\\\/4ccarbon.com.br\\\/en\\\/category\\\/category-1\\\/#listItem\",\"name\":\"Categoria 1\"}}]},{\"@type\":\"Organization\",\"@id\":\"https:\\\/\\\/4ccarbon.com.br\\\/en\\\/#organization\",\"name\":\"Climate Regtech para o Mercado de Cr\\u00e9ditos de Carbono\",\"description\":\"My WordPress Blog\",\"url\":\"https:\\\/\\\/4ccarbon.com.br\\\/en\\\/\"},{\"@type\":\"Person\",\"@id\":\"https:\\\/\\\/4ccarbon.com.br\\\/en\\\/author\\\/morpetx\\\/#author\",\"url\":\"https:\\\/\\\/4ccarbon.com.br\\\/en\\\/author\\\/morpetx\\\/\",\"name\":\"Marcello S Moreno\",\"image\":{\"@type\":\"ImageObject\",\"@id\":\"https:\\\/\\\/4ccarbon.com.br\\\/en\\\/creditos-carbono-validos-maculados-caso-pacajai-risco-fundiario\\\/#authorImage\",\"url\":\"https:\\\/\\\/secure.gravatar.com\\\/avatar\\\/d08833e0f0eac917a1681651c89fd148748c7a30f6a04ff308aeb329db723480?s=96&d=mm&r=g\",\"width\":96,\"height\":96,\"caption\":\"Marcello S Moreno\"}},{\"@type\":\"WebPage\",\"@id\":\"https:\\\/\\\/4ccarbon.com.br\\\/en\\\/creditos-carbono-validos-maculados-caso-pacajai-risco-fundiario\\\/#webpage\",\"url\":\"https:\\\/\\\/4ccarbon.com.br\\\/en\\\/creditos-carbono-validos-maculados-caso-pacajai-risco-fundiario\\\/\",\"name\":\"O que o Caso Pacaja\\u00ed revela sobre o mercado de carbono - Climate Regtech para o Mercado de Cr\\u00e9ditos de Carbono\",\"description\":\"O caso A recente mat\\u00e9ria publicada pela Capital Reset exp\\u00f5e uma nova crise no mercado volunt\\u00e1rio de carbono, marcada por uma contradi\\u00e7\\u00e3o estrutural: a exist\\u00eancia de cr\\u00e9ditos formalmente v\\u00e1lidos, mas associados a projetos sob questionamento jur\\u00eddico e fundi\\u00e1rio. O caso envolve um projeto REDD+ no Par\\u00e1 (Projeto Pacaja\\u00ed), cujos cr\\u00e9ditos continuam v\\u00e1lidos no sistema, apesar\",\"inLanguage\":\"en-US\",\"isPartOf\":{\"@id\":\"https:\\\/\\\/4ccarbon.com.br\\\/en\\\/#website\"},\"breadcrumb\":{\"@id\":\"https:\\\/\\\/4ccarbon.com.br\\\/en\\\/creditos-carbono-validos-maculados-caso-pacajai-risco-fundiario\\\/#breadcrumblist\"},\"author\":{\"@id\":\"https:\\\/\\\/4ccarbon.com.br\\\/en\\\/author\\\/morpetx\\\/#author\"},\"creator\":{\"@id\":\"https:\\\/\\\/4ccarbon.com.br\\\/en\\\/author\\\/morpetx\\\/#author\"},\"datePublished\":\"2026-03-22T19:21:20+00:00\",\"dateModified\":\"2026-03-22T22:16:56+00:00\"},{\"@type\":\"WebSite\",\"@id\":\"https:\\\/\\\/4ccarbon.com.br\\\/en\\\/#website\",\"url\":\"https:\\\/\\\/4ccarbon.com.br\\\/en\\\/\",\"name\":\"Climate Regtech para o Mercado de Cr\\u00e9ditos de Carbono\",\"description\":\"My WordPress Blog\",\"inLanguage\":\"en-US\",\"publisher\":{\"@id\":\"https:\\\/\\\/4ccarbon.com.br\\\/en\\\/#organization\"}}]}\n\t\t<\/script>\n\t\t<!-- All in One SEO -->\n\n","aioseo_head_json":{"title":"O que o Caso Pacaja\u00ed revela sobre o mercado de carbono - Climate Regtech para o Mercado de Cr\u00e9ditos de Carbono","description":"O caso A recente mat\u00e9ria publicada pela Capital Reset exp\u00f5e uma nova crise no mercado volunt\u00e1rio de carbono, marcada por uma contradi\u00e7\u00e3o estrutural: a exist\u00eancia de cr\u00e9ditos formalmente v\u00e1lidos, mas associados a projetos sob questionamento jur\u00eddico e fundi\u00e1rio. O caso envolve um projeto REDD+ no Par\u00e1 (Projeto Pacaja\u00ed), cujos cr\u00e9ditos continuam v\u00e1lidos no sistema, apesar","canonical_url":"https:\/\/4ccarbon.com.br\/en\/creditos-carbono-validos-maculados-caso-pacajai-risco-fundiario\/","robots":"max-image-preview:large","keywords":"","webmasterTools":{"miscellaneous":""},"schema":{"@context":"https:\/\/schema.org","@graph":[{"@type":"BlogPosting","@id":"https:\/\/4ccarbon.com.br\/en\/creditos-carbono-validos-maculados-caso-pacajai-risco-fundiario\/#blogposting","name":"O que o Caso Pacaja\u00ed revela sobre o mercado de carbono - Climate Regtech para o Mercado de Cr\u00e9ditos de Carbono","headline":"O que o Caso Pacaja\u00ed revela sobre o mercado de carbono","author":{"@id":"https:\/\/4ccarbon.com.br\/en\/author\/morpetx\/#author"},"publisher":{"@id":"https:\/\/4ccarbon.com.br\/en\/#organization"},"image":{"@type":"ImageObject","url":"https:\/\/4ccarbon.com.br\/wp-content\/uploads\/2026\/03\/Rio-Pacaja.jpg","@id":"https:\/\/4ccarbon.com.br\/en\/creditos-carbono-validos-maculados-caso-pacajai-risco-fundiario\/#articleImage","width":1777,"height":1000},"datePublished":"2026-03-22T19:21:20+00:00","dateModified":"2026-03-22T22:16:56+00:00","inLanguage":"en-US","mainEntityOfPage":{"@id":"https:\/\/4ccarbon.com.br\/en\/creditos-carbono-validos-maculados-caso-pacajai-risco-fundiario\/#webpage"},"isPartOf":{"@id":"https:\/\/4ccarbon.com.br\/en\/creditos-carbono-validos-maculados-caso-pacajai-risco-fundiario\/#webpage"},"articleSection":"Categoria 1"},{"@type":"BreadcrumbList","@id":"https:\/\/4ccarbon.com.br\/en\/creditos-carbono-validos-maculados-caso-pacajai-risco-fundiario\/#breadcrumblist","itemListElement":[{"@type":"ListItem","@id":"https:\/\/4ccarbon.com.br\/en#listItem","position":1,"name":"Home","item":"https:\/\/4ccarbon.com.br\/en","nextItem":{"@type":"ListItem","@id":"https:\/\/4ccarbon.com.br\/en\/category\/category-1\/#listItem","name":"Categoria 1"}},{"@type":"ListItem","@id":"https:\/\/4ccarbon.com.br\/en\/category\/category-1\/#listItem","position":2,"name":"Categoria 1","item":"https:\/\/4ccarbon.com.br\/en\/category\/category-1\/","nextItem":{"@type":"ListItem","@id":"https:\/\/4ccarbon.com.br\/en\/creditos-carbono-validos-maculados-caso-pacajai-risco-fundiario\/#listItem","name":"O que o Caso Pacaja\u00ed revela sobre o mercado de carbono"},"previousItem":{"@type":"ListItem","@id":"https:\/\/4ccarbon.com.br\/en#listItem","name":"Home"}},{"@type":"ListItem","@id":"https:\/\/4ccarbon.com.br\/en\/creditos-carbono-validos-maculados-caso-pacajai-risco-fundiario\/#listItem","position":3,"name":"O que o Caso Pacaja\u00ed revela sobre o mercado de carbono","previousItem":{"@type":"ListItem","@id":"https:\/\/4ccarbon.com.br\/en\/category\/category-1\/#listItem","name":"Categoria 1"}}]},{"@type":"Organization","@id":"https:\/\/4ccarbon.com.br\/en\/#organization","name":"Climate Regtech para o Mercado de Cr\u00e9ditos de Carbono","description":"My WordPress Blog","url":"https:\/\/4ccarbon.com.br\/en\/"},{"@type":"Person","@id":"https:\/\/4ccarbon.com.br\/en\/author\/morpetx\/#author","url":"https:\/\/4ccarbon.com.br\/en\/author\/morpetx\/","name":"Marcello S Moreno","image":{"@type":"ImageObject","@id":"https:\/\/4ccarbon.com.br\/en\/creditos-carbono-validos-maculados-caso-pacajai-risco-fundiario\/#authorImage","url":"https:\/\/secure.gravatar.com\/avatar\/d08833e0f0eac917a1681651c89fd148748c7a30f6a04ff308aeb329db723480?s=96&d=mm&r=g","width":96,"height":96,"caption":"Marcello S Moreno"}},{"@type":"WebPage","@id":"https:\/\/4ccarbon.com.br\/en\/creditos-carbono-validos-maculados-caso-pacajai-risco-fundiario\/#webpage","url":"https:\/\/4ccarbon.com.br\/en\/creditos-carbono-validos-maculados-caso-pacajai-risco-fundiario\/","name":"O que o Caso Pacaja\u00ed revela sobre o mercado de carbono - Climate Regtech para o Mercado de Cr\u00e9ditos de Carbono","description":"O caso A recente mat\u00e9ria publicada pela Capital Reset exp\u00f5e uma nova crise no mercado volunt\u00e1rio de carbono, marcada por uma contradi\u00e7\u00e3o estrutural: a exist\u00eancia de cr\u00e9ditos formalmente v\u00e1lidos, mas associados a projetos sob questionamento jur\u00eddico e fundi\u00e1rio. O caso envolve um projeto REDD+ no Par\u00e1 (Projeto Pacaja\u00ed), cujos cr\u00e9ditos continuam v\u00e1lidos no sistema, apesar","inLanguage":"en-US","isPartOf":{"@id":"https:\/\/4ccarbon.com.br\/en\/#website"},"breadcrumb":{"@id":"https:\/\/4ccarbon.com.br\/en\/creditos-carbono-validos-maculados-caso-pacajai-risco-fundiario\/#breadcrumblist"},"author":{"@id":"https:\/\/4ccarbon.com.br\/en\/author\/morpetx\/#author"},"creator":{"@id":"https:\/\/4ccarbon.com.br\/en\/author\/morpetx\/#author"},"datePublished":"2026-03-22T19:21:20+00:00","dateModified":"2026-03-22T22:16:56+00:00"},{"@type":"WebSite","@id":"https:\/\/4ccarbon.com.br\/en\/#website","url":"https:\/\/4ccarbon.com.br\/en\/","name":"Climate Regtech para o Mercado de Cr\u00e9ditos de Carbono","description":"My WordPress Blog","inLanguage":"en-US","publisher":{"@id":"https:\/\/4ccarbon.com.br\/en\/#organization"}}]},"og:locale":"en_US","og:site_name":"Climate Regtech para o Mercado de Cr\u00e9ditos de Carbono - My WordPress Blog","og:type":"article","og:title":"O que o Caso Pacaja\u00ed revela sobre o mercado de carbono - Climate Regtech para o Mercado de Cr\u00e9ditos de Carbono","og:description":"O caso A recente mat\u00e9ria publicada pela Capital Reset exp\u00f5e uma nova crise no mercado volunt\u00e1rio de carbono, marcada por uma contradi\u00e7\u00e3o estrutural: a exist\u00eancia de cr\u00e9ditos formalmente v\u00e1lidos, mas associados a projetos sob questionamento jur\u00eddico e fundi\u00e1rio. O caso envolve um projeto REDD+ no Par\u00e1 (Projeto Pacaja\u00ed), cujos cr\u00e9ditos continuam v\u00e1lidos no sistema, apesar","og:url":"https:\/\/4ccarbon.com.br\/en\/creditos-carbono-validos-maculados-caso-pacajai-risco-fundiario\/","article:published_time":"2026-03-22T19:21:20+00:00","article:modified_time":"2026-03-22T22:16:56+00:00","twitter:card":"summary_large_image","twitter:title":"O que o Caso Pacaja\u00ed revela sobre o mercado de carbono - Climate Regtech para o Mercado de Cr\u00e9ditos de Carbono","twitter:description":"O caso A recente mat\u00e9ria publicada pela Capital Reset exp\u00f5e uma nova crise no mercado volunt\u00e1rio de carbono, marcada por uma contradi\u00e7\u00e3o estrutural: a exist\u00eancia de cr\u00e9ditos formalmente v\u00e1lidos, mas associados a projetos sob questionamento jur\u00eddico e fundi\u00e1rio. O caso envolve um projeto REDD+ no Par\u00e1 (Projeto Pacaja\u00ed), cujos cr\u00e9ditos continuam v\u00e1lidos no sistema, apesar"},"aioseo_meta_data":{"post_id":"207","title":null,"description":null,"keywords":null,"keyphrases":null,"primary_term":null,"canonical_url":null,"og_title":null,"og_description":null,"og_object_type":"default","og_image_type":"default","og_image_custom_url":null,"og_image_custom_fields":null,"og_image_url":null,"og_image_width":null,"og_image_height":null,"og_video":null,"og_custom_url":null,"og_article_section":null,"og_article_tags":null,"twitter_use_og":false,"twitter_card":"default","twitter_image_type":"default","twitter_image_custom_url":null,"twitter_image_custom_fields":null,"twitter_image_url":null,"twitter_title":null,"twitter_description":null,"schema_type":"default","schema_type_options":null,"schema":{"blockGraphs":[],"customGraphs":[],"default":{"data":{"Article":[],"Course":[],"Dataset":[],"FAQPage":[],"Movie":[],"Person":[],"Product":[],"ProductReview":[],"Car":[],"Recipe":[],"Service":[],"SoftwareApplication":[],"WebPage":[]},"graphName":"","isEnabled":true},"graphs":[]},"pillar_content":false,"robots_default":true,"robots_noindex":false,"robots_noarchive":false,"robots_nosnippet":false,"robots_nofollow":false,"robots_noimageindex":false,"robots_noodp":false,"robots_notranslate":false,"robots_max_snippet":null,"robots_max_videopreview":null,"robots_max_imagepreview":"large","priority":null,"frequency":null,"local_seo":null,"limit_modified_date":false,"ai":null,"breadcrumb_settings":null,"seo_analyzer_scan_date":null,"created":"2026-07-27 06:13:43","updated":"2026-07-27 06:13:43"},"aioseo_breadcrumb":"<div class=\"aioseo-breadcrumbs\"><span class=\"aioseo-breadcrumb\">\n\t\t\t<a href=\"https:\/\/4ccarbon.com.br\/en\" title=\"Home\">Home<\/a>\n\t\t<\/span><span class=\"aioseo-breadcrumb-separator\">&raquo;<\/span><span class=\"aioseo-breadcrumb\">\n\t\t\t<a href=\"https:\/\/4ccarbon.com.br\/en\/category\/category-1\/\" title=\"Categoria 1\">Categoria 1<\/a>\n\t\t<\/span><span class=\"aioseo-breadcrumb-separator\">&raquo;<\/span><span class=\"aioseo-breadcrumb\">\n\t\t\tO que o Caso Pacaja\u00ed revela sobre o mercado de carbono\n\t\t<\/span><\/div>","aioseo_breadcrumb_json":[{"label":"Home","link":"https:\/\/4ccarbon.com.br\/en"},{"label":"Categoria 1","link":"https:\/\/4ccarbon.com.br\/en\/category\/category-1\/"},{"label":"O que o Caso Pacaja\u00ed revela sobre o mercado de carbono","link":"https:\/\/4ccarbon.com.br\/en\/creditos-carbono-validos-maculados-caso-pacajai-risco-fundiario\/"}],"yoast_head":"<!-- This site is optimized with the Yoast SEO plugin v27.2 - https:\/\/yoast.com\/product\/yoast-seo-wordpress\/ -->\n<title>O que o Caso Pacaja\u00ed revela sobre o mercado de carbono - Climate Regtech para o Mercado de Cr\u00e9ditos de Carbono rascunhoCr\u00e9ditos de carbono v\u00e1lidos, mas maculados: o caso Pacaja\u00ed e o risco fundi\u00e1rio no mercado-automatico<\/title>\n<meta name=\"description\" content=\"O caso Pacaja\u00ed revela falhas estruturais no mercado de carbono: cr\u00e9ditos v\u00e1lidos podem esconder riscos fundi\u00e1rios. Entenda os impactos e como evitar.\" \/>\n<meta name=\"robots\" content=\"index, follow, max-snippet:-1, max-image-preview:large, max-video-preview:-1\" \/>\n<link rel=\"canonical\" href=\"https:\/\/4ccarbon.com.br\/en\/creditos-carbono-validos-maculados-caso-pacajai-risco-fundiario\/\" \/>\n<meta property=\"og:locale\" content=\"en_US\" \/>\n<meta property=\"og:type\" content=\"article\" \/>\n<meta property=\"og:title\" content=\"O que o Caso Pacaja\u00ed revela sobre o mercado de carbono - Climate Regtech para o Mercado de Cr\u00e9ditos de Carbono rascunhoCr\u00e9ditos de carbono v\u00e1lidos, mas maculados: o caso Pacaja\u00ed e o risco fundi\u00e1rio no mercado-automatico\" \/>\n<meta property=\"og:description\" content=\"O caso Pacaja\u00ed revela falhas estruturais no mercado de carbono: cr\u00e9ditos v\u00e1lidos podem esconder riscos fundi\u00e1rios. Entenda os impactos e como evitar.\" \/>\n<meta property=\"og:url\" content=\"https:\/\/4ccarbon.com.br\/en\/creditos-carbono-validos-maculados-caso-pacajai-risco-fundiario\/\" \/>\n<meta property=\"og:site_name\" content=\"Climate Regtech para o Mercado de Cr\u00e9ditos de Carbono\" \/>\n<meta property=\"article:published_time\" content=\"2026-03-22T19:21:20+00:00\" \/>\n<meta property=\"article:modified_time\" content=\"2026-03-22T22:16:56+00:00\" \/>\n<meta property=\"og:image\" content=\"https:\/\/4ccarbon.com.br\/wp-content\/uploads\/2026\/03\/Rio-Pacaja.jpg\" \/>\n\t<meta property=\"og:image:width\" content=\"1777\" \/>\n\t<meta property=\"og:image:height\" content=\"1000\" \/>\n\t<meta property=\"og:image:type\" content=\"image\/jpeg\" \/>\n<meta name=\"author\" content=\"Marcello S Moreno\" \/>\n<meta name=\"twitter:card\" content=\"summary_large_image\" \/>\n<meta name=\"twitter:label1\" content=\"Written by\" \/>\n\t<meta name=\"twitter:data1\" content=\"Marcello S Moreno\" \/>\n\t<meta name=\"twitter:label2\" content=\"Est. reading time\" \/>\n\t<meta name=\"twitter:data2\" content=\"5 minutes\" \/>\n<script type=\"application\/ld+json\" class=\"yoast-schema-graph\">{\"@context\":\"https:\/\/schema.org\",\"@graph\":[{\"@type\":\"Article\",\"@id\":\"https:\/\/4ccarbon.com.br\/creditos-carbono-validos-maculados-caso-pacajai-risco-fundiario\/#article\",\"isPartOf\":{\"@id\":\"https:\/\/4ccarbon.com.br\/creditos-carbono-validos-maculados-caso-pacajai-risco-fundiario\/\"},\"author\":{\"name\":\"Marcello S Moreno\",\"@id\":\"https:\/\/4ccarbon.com.br\/#\/schema\/person\/ddae2dfe7f46a5c59722d9932f8735df\"},\"headline\":\"O que o Caso Pacaja\u00ed revela sobre o mercado de carbono\",\"datePublished\":\"2026-03-22T19:21:20+00:00\",\"dateModified\":\"2026-03-22T22:16:56+00:00\",\"mainEntityOfPage\":{\"@id\":\"https:\/\/4ccarbon.com.br\/creditos-carbono-validos-maculados-caso-pacajai-risco-fundiario\/\"},\"wordCount\":875,\"commentCount\":0,\"publisher\":{\"@id\":\"https:\/\/4ccarbon.com.br\/#organization\"},\"image\":{\"@id\":\"https:\/\/4ccarbon.com.br\/creditos-carbono-validos-maculados-caso-pacajai-risco-fundiario\/#primaryimage\"},\"thumbnailUrl\":\"https:\/\/4ccarbon.com.br\/wp-content\/uploads\/2026\/03\/Rio-Pacaja-1024x576.jpg\",\"articleSection\":[\"Categoria 1\"],\"inLanguage\":\"en-US\",\"potentialAction\":[{\"@type\":\"CommentAction\",\"name\":\"Comment\",\"target\":[\"https:\/\/4ccarbon.com.br\/creditos-carbono-validos-maculados-caso-pacajai-risco-fundiario\/#respond\"]}]},{\"@type\":\"WebPage\",\"@id\":\"https:\/\/4ccarbon.com.br\/creditos-carbono-validos-maculados-caso-pacajai-risco-fundiario\/\",\"url\":\"https:\/\/4ccarbon.com.br\/creditos-carbono-validos-maculados-caso-pacajai-risco-fundiario\/\",\"name\":\"O que o Caso Pacaja\u00ed revela sobre o mercado de carbono - Climate Regtech para o Mercado de Cr\u00e9ditos de Carbono rascunhoCr\u00e9ditos de carbono v\u00e1lidos, mas maculados: o caso Pacaja\u00ed e o risco fundi\u00e1rio no mercado-automatico\",\"isPartOf\":{\"@id\":\"https:\/\/4ccarbon.com.br\/#website\"},\"primaryImageOfPage\":{\"@id\":\"https:\/\/4ccarbon.com.br\/creditos-carbono-validos-maculados-caso-pacajai-risco-fundiario\/#primaryimage\"},\"image\":{\"@id\":\"https:\/\/4ccarbon.com.br\/creditos-carbono-validos-maculados-caso-pacajai-risco-fundiario\/#primaryimage\"},\"thumbnailUrl\":\"https:\/\/4ccarbon.com.br\/wp-content\/uploads\/2026\/03\/Rio-Pacaja-1024x576.jpg\",\"datePublished\":\"2026-03-22T19:21:20+00:00\",\"dateModified\":\"2026-03-22T22:16:56+00:00\",\"description\":\"O caso Pacaja\u00ed revela falhas estruturais no mercado de carbono: cr\u00e9ditos v\u00e1lidos podem esconder riscos fundi\u00e1rios. Entenda os impactos e como evitar.\",\"breadcrumb\":{\"@id\":\"https:\/\/4ccarbon.com.br\/creditos-carbono-validos-maculados-caso-pacajai-risco-fundiario\/#breadcrumb\"},\"inLanguage\":\"en-US\",\"potentialAction\":[{\"@type\":\"ReadAction\",\"target\":[\"https:\/\/4ccarbon.com.br\/creditos-carbono-validos-maculados-caso-pacajai-risco-fundiario\/\"]}]},{\"@type\":\"ImageObject\",\"inLanguage\":\"en-US\",\"@id\":\"https:\/\/4ccarbon.com.br\/creditos-carbono-validos-maculados-caso-pacajai-risco-fundiario\/#primaryimage\",\"url\":\"https:\/\/4ccarbon.com.br\/wp-content\/uploads\/2026\/03\/Rio-Pacaja-1024x576.jpg\",\"contentUrl\":\"https:\/\/4ccarbon.com.br\/wp-content\/uploads\/2026\/03\/Rio-Pacaja-1024x576.jpg\"},{\"@type\":\"BreadcrumbList\",\"@id\":\"https:\/\/4ccarbon.com.br\/creditos-carbono-validos-maculados-caso-pacajai-risco-fundiario\/#breadcrumb\",\"itemListElement\":[{\"@type\":\"ListItem\",\"position\":1,\"name\":\"In\u00edcio\",\"item\":\"https:\/\/4ccarbon.com.br\/\"},{\"@type\":\"ListItem\",\"position\":2,\"name\":\"O que o Caso Pacaja\u00ed revela sobre o mercado de carbono\"}]},{\"@type\":\"WebSite\",\"@id\":\"https:\/\/4ccarbon.com.br\/#website\",\"url\":\"https:\/\/4ccarbon.com.br\/\",\"name\":\"Climate Regtech para o Mercado de Cr\u00e9ditos de Carbono\",\"description\":\"My WordPress Blog\",\"publisher\":{\"@id\":\"https:\/\/4ccarbon.com.br\/#organization\"},\"potentialAction\":[{\"@type\":\"SearchAction\",\"target\":{\"@type\":\"EntryPoint\",\"urlTemplate\":\"https:\/\/4ccarbon.com.br\/?s={search_term_string}\"},\"query-input\":{\"@type\":\"PropertyValueSpecification\",\"valueRequired\":true,\"valueName\":\"search_term_string\"}}],\"inLanguage\":\"en-US\"},{\"@type\":\"Organization\",\"@id\":\"https:\/\/4ccarbon.com.br\/#organization\",\"name\":\"Climate Regtech para o Mercado de Cr\u00e9ditos de Carbono\",\"url\":\"https:\/\/4ccarbon.com.br\/\",\"logo\":{\"@type\":\"ImageObject\",\"inLanguage\":\"en-US\",\"@id\":\"https:\/\/4ccarbon.com.br\/#\/schema\/logo\/image\/\",\"url\":\"https:\/\/4ccarbon.com.br\/wp-content\/uploads\/2026\/01\/4C_CARBON_logo_transparente.png\",\"contentUrl\":\"https:\/\/4ccarbon.com.br\/wp-content\/uploads\/2026\/01\/4C_CARBON_logo_transparente.png\",\"width\":385,\"height\":315,\"caption\":\"Climate Regtech para o Mercado de Cr\u00e9ditos de Carbono\"},\"image\":{\"@id\":\"https:\/\/4ccarbon.com.br\/#\/schema\/logo\/image\/\"}},{\"@type\":\"Person\",\"@id\":\"https:\/\/4ccarbon.com.br\/#\/schema\/person\/ddae2dfe7f46a5c59722d9932f8735df\",\"name\":\"Marcello S Moreno\",\"image\":{\"@type\":\"ImageObject\",\"inLanguage\":\"en-US\",\"@id\":\"https:\/\/secure.gravatar.com\/avatar\/d08833e0f0eac917a1681651c89fd148748c7a30f6a04ff308aeb329db723480?s=96&d=mm&r=g\",\"url\":\"https:\/\/secure.gravatar.com\/avatar\/d08833e0f0eac917a1681651c89fd148748c7a30f6a04ff308aeb329db723480?s=96&d=mm&r=g\",\"contentUrl\":\"https:\/\/secure.gravatar.com\/avatar\/d08833e0f0eac917a1681651c89fd148748c7a30f6a04ff308aeb329db723480?s=96&d=mm&r=g\",\"caption\":\"Marcello S Moreno\"},\"sameAs\":[\"https:\/\/4ccarbon.com.br\"],\"url\":\"https:\/\/4ccarbon.com.br\/en\/author\/morpetx\/\"}]}<\/script>\n<!-- \/ Yoast SEO plugin. -->","yoast_head_json":{"title":"O que o Caso Pacaja\u00ed revela sobre o mercado de carbono - Climate Regtech para o Mercado de Cr\u00e9ditos de Carbono rascunhoCr\u00e9ditos de carbono v\u00e1lidos, mas maculados: o caso Pacaja\u00ed e o risco fundi\u00e1rio no mercado-automatico","description":"O caso Pacaja\u00ed revela falhas estruturais no mercado de carbono: cr\u00e9ditos v\u00e1lidos podem esconder riscos fundi\u00e1rios. Entenda os impactos e como evitar.","robots":{"index":"index","follow":"follow","max-snippet":"max-snippet:-1","max-image-preview":"max-image-preview:large","max-video-preview":"max-video-preview:-1"},"canonical":"https:\/\/4ccarbon.com.br\/en\/creditos-carbono-validos-maculados-caso-pacajai-risco-fundiario\/","og_locale":"en_US","og_type":"article","og_title":"O que o Caso Pacaja\u00ed revela sobre o mercado de carbono - Climate Regtech para o Mercado de Cr\u00e9ditos de Carbono rascunhoCr\u00e9ditos de carbono v\u00e1lidos, mas maculados: o caso Pacaja\u00ed e o risco fundi\u00e1rio no mercado-automatico","og_description":"O caso Pacaja\u00ed revela falhas estruturais no mercado de carbono: cr\u00e9ditos v\u00e1lidos podem esconder riscos fundi\u00e1rios. Entenda os impactos e como evitar.","og_url":"https:\/\/4ccarbon.com.br\/en\/creditos-carbono-validos-maculados-caso-pacajai-risco-fundiario\/","og_site_name":"Climate Regtech para o Mercado de Cr\u00e9ditos de Carbono","article_published_time":"2026-03-22T19:21:20+00:00","article_modified_time":"2026-03-22T22:16:56+00:00","og_image":[{"width":1777,"height":1000,"url":"https:\/\/4ccarbon.com.br\/wp-content\/uploads\/2026\/03\/Rio-Pacaja.jpg","type":"image\/jpeg"}],"author":"Marcello S Moreno","twitter_card":"summary_large_image","twitter_misc":{"Written by":"Marcello S Moreno","Est. reading time":"5 minutes"},"schema":{"@context":"https:\/\/schema.org","@graph":[{"@type":"Article","@id":"https:\/\/4ccarbon.com.br\/creditos-carbono-validos-maculados-caso-pacajai-risco-fundiario\/#article","isPartOf":{"@id":"https:\/\/4ccarbon.com.br\/creditos-carbono-validos-maculados-caso-pacajai-risco-fundiario\/"},"author":{"name":"Marcello S Moreno","@id":"https:\/\/4ccarbon.com.br\/#\/schema\/person\/ddae2dfe7f46a5c59722d9932f8735df"},"headline":"O que o Caso Pacaja\u00ed revela sobre o mercado de carbono","datePublished":"2026-03-22T19:21:20+00:00","dateModified":"2026-03-22T22:16:56+00:00","mainEntityOfPage":{"@id":"https:\/\/4ccarbon.com.br\/creditos-carbono-validos-maculados-caso-pacajai-risco-fundiario\/"},"wordCount":875,"commentCount":0,"publisher":{"@id":"https:\/\/4ccarbon.com.br\/#organization"},"image":{"@id":"https:\/\/4ccarbon.com.br\/creditos-carbono-validos-maculados-caso-pacajai-risco-fundiario\/#primaryimage"},"thumbnailUrl":"https:\/\/4ccarbon.com.br\/wp-content\/uploads\/2026\/03\/Rio-Pacaja-1024x576.jpg","articleSection":["Categoria 1"],"inLanguage":"en-US","potentialAction":[{"@type":"CommentAction","name":"Comment","target":["https:\/\/4ccarbon.com.br\/creditos-carbono-validos-maculados-caso-pacajai-risco-fundiario\/#respond"]}]},{"@type":"WebPage","@id":"https:\/\/4ccarbon.com.br\/creditos-carbono-validos-maculados-caso-pacajai-risco-fundiario\/","url":"https:\/\/4ccarbon.com.br\/creditos-carbono-validos-maculados-caso-pacajai-risco-fundiario\/","name":"O que o Caso Pacaja\u00ed revela sobre o mercado de carbono - Climate Regtech para o Mercado de Cr\u00e9ditos de Carbono rascunhoCr\u00e9ditos de carbono v\u00e1lidos, mas maculados: o caso Pacaja\u00ed e o risco fundi\u00e1rio no mercado-automatico","isPartOf":{"@id":"https:\/\/4ccarbon.com.br\/#website"},"primaryImageOfPage":{"@id":"https:\/\/4ccarbon.com.br\/creditos-carbono-validos-maculados-caso-pacajai-risco-fundiario\/#primaryimage"},"image":{"@id":"https:\/\/4ccarbon.com.br\/creditos-carbono-validos-maculados-caso-pacajai-risco-fundiario\/#primaryimage"},"thumbnailUrl":"https:\/\/4ccarbon.com.br\/wp-content\/uploads\/2026\/03\/Rio-Pacaja-1024x576.jpg","datePublished":"2026-03-22T19:21:20+00:00","dateModified":"2026-03-22T22:16:56+00:00","description":"O caso Pacaja\u00ed revela falhas estruturais no mercado de carbono: cr\u00e9ditos v\u00e1lidos podem esconder riscos fundi\u00e1rios. Entenda os impactos e como evitar.","breadcrumb":{"@id":"https:\/\/4ccarbon.com.br\/creditos-carbono-validos-maculados-caso-pacajai-risco-fundiario\/#breadcrumb"},"inLanguage":"en-US","potentialAction":[{"@type":"ReadAction","target":["https:\/\/4ccarbon.com.br\/creditos-carbono-validos-maculados-caso-pacajai-risco-fundiario\/"]}]},{"@type":"ImageObject","inLanguage":"en-US","@id":"https:\/\/4ccarbon.com.br\/creditos-carbono-validos-maculados-caso-pacajai-risco-fundiario\/#primaryimage","url":"https:\/\/4ccarbon.com.br\/wp-content\/uploads\/2026\/03\/Rio-Pacaja-1024x576.jpg","contentUrl":"https:\/\/4ccarbon.com.br\/wp-content\/uploads\/2026\/03\/Rio-Pacaja-1024x576.jpg"},{"@type":"BreadcrumbList","@id":"https:\/\/4ccarbon.com.br\/creditos-carbono-validos-maculados-caso-pacajai-risco-fundiario\/#breadcrumb","itemListElement":[{"@type":"ListItem","position":1,"name":"In\u00edcio","item":"https:\/\/4ccarbon.com.br\/"},{"@type":"ListItem","position":2,"name":"O que o Caso Pacaja\u00ed revela sobre o mercado de carbono"}]},{"@type":"WebSite","@id":"https:\/\/4ccarbon.com.br\/#website","url":"https:\/\/4ccarbon.com.br\/","name":"Climate Regtech for the Carbon Credit Market","description":"My WordPress Blog","publisher":{"@id":"https:\/\/4ccarbon.com.br\/#organization"},"potentialAction":[{"@type":"SearchAction","target":{"@type":"EntryPoint","urlTemplate":"https:\/\/4ccarbon.com.br\/?s={search_term_string}"},"query-input":{"@type":"PropertyValueSpecification","valueRequired":true,"valueName":"search_term_string"}}],"inLanguage":"en-US"},{"@type":"Organization","@id":"https:\/\/4ccarbon.com.br\/#organization","name":"Climate Regtech for the Carbon Credit Market","url":"https:\/\/4ccarbon.com.br\/","logo":{"@type":"ImageObject","inLanguage":"en-US","@id":"https:\/\/4ccarbon.com.br\/#\/schema\/logo\/image\/","url":"https:\/\/4ccarbon.com.br\/wp-content\/uploads\/2026\/01\/4C_CARBON_logo_transparente.png","contentUrl":"https:\/\/4ccarbon.com.br\/wp-content\/uploads\/2026\/01\/4C_CARBON_logo_transparente.png","width":385,"height":315,"caption":"Climate Regtech para o Mercado de Cr\u00e9ditos de Carbono"},"image":{"@id":"https:\/\/4ccarbon.com.br\/#\/schema\/logo\/image\/"}},{"@type":"Person","@id":"https:\/\/4ccarbon.com.br\/#\/schema\/person\/ddae2dfe7f46a5c59722d9932f8735df","name":"Marcello S Moreno","image":{"@type":"ImageObject","inLanguage":"en-US","@id":"https:\/\/secure.gravatar.com\/avatar\/d08833e0f0eac917a1681651c89fd148748c7a30f6a04ff308aeb329db723480?s=96&d=mm&r=g","url":"https:\/\/secure.gravatar.com\/avatar\/d08833e0f0eac917a1681651c89fd148748c7a30f6a04ff308aeb329db723480?s=96&d=mm&r=g","contentUrl":"https:\/\/secure.gravatar.com\/avatar\/d08833e0f0eac917a1681651c89fd148748c7a30f6a04ff308aeb329db723480?s=96&d=mm&r=g","caption":"Marcello S Moreno"},"sameAs":["https:\/\/4ccarbon.com.br"],"url":"https:\/\/4ccarbon.com.br\/en\/author\/morpetx\/"}]}},"_links":{"self":[{"href":"https:\/\/4ccarbon.com.br\/en\/wp-json\/wp\/v2\/posts\/207","targetHints":{"allow":["GET"]}}],"collection":[{"href":"https:\/\/4ccarbon.com.br\/en\/wp-json\/wp\/v2\/posts"}],"about":[{"href":"https:\/\/4ccarbon.com.br\/en\/wp-json\/wp\/v2\/types\/post"}],"author":[{"embeddable":true,"href":"https:\/\/4ccarbon.com.br\/en\/wp-json\/wp\/v2\/users\/1"}],"replies":[{"embeddable":true,"href":"https:\/\/4ccarbon.com.br\/en\/wp-json\/wp\/v2\/comments?post=207"}],"version-history":[{"count":9,"href":"https:\/\/4ccarbon.com.br\/en\/wp-json\/wp\/v2\/posts\/207\/revisions"}],"predecessor-version":[{"id":239,"href":"https:\/\/4ccarbon.com.br\/en\/wp-json\/wp\/v2\/posts\/207\/revisions\/239"}],"wp:attachment":[{"href":"https:\/\/4ccarbon.com.br\/en\/wp-json\/wp\/v2\/media?parent=207"}],"wp:term":[{"taxonomy":"category","embeddable":true,"href":"https:\/\/4ccarbon.com.br\/en\/wp-json\/wp\/v2\/categories?post=207"},{"taxonomy":"post_tag","embeddable":true,"href":"https:\/\/4ccarbon.com.br\/en\/wp-json\/wp\/v2\/tags?post=207"}],"curies":[{"name":"wp","href":"https:\/\/api.w.org\/{rel}","templated":true}]}}