{"id":280,"date":"2026-06-09T16:44:35","date_gmt":"2026-06-09T16:44:35","guid":{"rendered":"https:\/\/4ccarbon.com.br\/?p=280"},"modified":"2026-06-09T16:49:29","modified_gmt":"2026-06-09T16:49:29","slug":"a-crise-da-cvm-nao-e-uma-crise-do-mercado-de-carbono","status":"publish","type":"post","link":"https:\/\/4ccarbon.com.br\/en\/a-crise-da-cvm-nao-e-uma-crise-do-mercado-de-carbono\/","title":{"rendered":"The CVM crisis is not a carbon market crisis"},"content":{"rendered":"<p class=\"wp-block-paragraph\">Como a controv\u00e9rsia sobre os reportes clim\u00e1ticos est\u00e1 sendo confundida com a implementa\u00e7\u00e3o do mercado regulado de carbono no Brasil<\/p>\n\n\n\n<p class=\"wp-block-paragraph\">Nas \u00faltimas semanas, a decis\u00e3o da Comiss\u00e3o de Valores Mobili\u00e1rios (CVM) de revogar a obrigatoriedade dos reportes financeiros de sustentabilidade e clima sob os padr\u00f5es IFRS S1 e IFRS S2 desencadeou uma das maiores controv\u00e9rsias regulat\u00f3rias do mercado brasileiro recente.<\/p>\n\n\n\n<p class=\"wp-block-paragraph\">A rea\u00e7\u00e3o foi imediata.<\/p>\n\n\n\n<p class=\"wp-block-paragraph\">Investidores, entidades do mercado financeiro, empresas, auditores, especialistas e integrantes do pr\u00f3prio governo federal criticaram a mudan\u00e7a. Em seguida vieram os questionamentos p\u00fablicos sobre o procedimento adotado pela autarquia. Agora, a discuss\u00e3o chegou ao Poder Judici\u00e1rio, com o ajuizamento de a\u00e7\u00e3o que busca suspender os efeitos da Resolu\u00e7\u00e3o CVM n\u00ba 244.<\/p>\n\n\n\n<p class=\"wp-block-paragraph\">A repercuss\u00e3o do epis\u00f3dio \u00e9 compreens\u00edvel.<\/p>\n\n\n\n<p class=\"wp-block-paragraph\">O debate envolve transpar\u00eancia corporativa, riscos clim\u00e1ticos, previsibilidade regulat\u00f3ria e atra\u00e7\u00e3o de investimentos para a economia de baixo carbono.<\/p>\n\n\n\n<p class=\"wp-block-paragraph\">Mas, em meio \u00e0 intensidade das discuss\u00f5es, uma distin\u00e7\u00e3o importante parece estar sendo ignorada:<\/p>\n\n\n\n<p class=\"wp-block-paragraph\"><strong>a crise da CVM n\u00e3o \u00e9, necessariamente, uma crise do mercado de carbono.<\/strong><\/p>\n\n\n\n<h2 class=\"wp-block-heading\">O que est\u00e1 em discuss\u00e3o<\/h2>\n\n\n\n<p class=\"wp-block-paragraph\">A controv\u00e9rsia atual gira em torno da divulga\u00e7\u00e3o de informa\u00e7\u00f5es financeiras relacionadas \u00e0 sustentabilidade.<\/p>\n\n\n\n<p class=\"wp-block-paragraph\">Os padr\u00f5es IFRS S1 e IFRS S2 foram desenvolvidos para permitir que investidores compreendam como riscos clim\u00e1ticos, eventos extremos, mudan\u00e7as regulat\u00f3rias e estrat\u00e9gias de transi\u00e7\u00e3o podem afetar o desempenho econ\u00f4mico das empresas.<\/p>\n\n\n\n<p class=\"wp-block-paragraph\">Trata-se de uma agenda de transpar\u00eancia corporativa.<\/p>\n\n\n\n<p class=\"wp-block-paragraph\">O objetivo dos reportes n\u00e3o \u00e9 regular emiss\u00f5es, criar ativos ambientais ou estruturar mercados de carbono.<\/p>\n\n\n\n<p class=\"wp-block-paragraph\">O objetivo \u00e9 fornecer informa\u00e7\u00f5es para que investidores e financiadores possam avaliar riscos e oportunidades de maneira compar\u00e1vel e consistente.<\/p>\n\n\n\n<p class=\"wp-block-paragraph\">\u00c9 uma agenda relevante.<\/p>\n\n\n\n<p class=\"wp-block-paragraph\">Mas n\u00e3o \u00e9 a mesma agenda do Sistema Brasileiro de Com\u00e9rcio de Emiss\u00f5es de Gases de Efeito Estufa (SBCE).<\/p>\n\n\n\n<h2 class=\"wp-block-heading\">O que diz a Lei do Mercado de Carbono<\/h2>\n\n\n\n<p class=\"wp-block-paragraph\">A Lei n\u00ba 15.042\/2024 criou o Sistema Brasileiro de Com\u00e9rcio de Emiss\u00f5es de Gases de Efeito Estufa (SBCE) e definiu sua estrutura de governan\u00e7a.<\/p>\n\n\n\n<p class=\"wp-block-paragraph\">Ao contr\u00e1rio do que parte do debate p\u00fablico pode sugerir, a lei n\u00e3o colocou a CVM no centro da regula\u00e7\u00e3o do mercado de carbono brasileiro.<\/p>\n\n\n\n<p class=\"wp-block-paragraph\">A governan\u00e7a do sistema foi atribu\u00edda ao Comit\u00ea Interministerial sobre Mudan\u00e7a do Clima (CIM), ao \u00f3rg\u00e3o gestor do SBCE e ao Comit\u00ea T\u00e9cnico Consultivo Permanente.<\/p>\n\n\n\n<p class=\"wp-block-paragraph\">O \u00f3rg\u00e3o gestor recebeu compet\u00eancias amplas para regular o sistema, definir metodologias, administrar o registro central, emitir ativos, realizar leil\u00f5es, supervisionar o monitoramento das emiss\u00f5es e aplicar san\u00e7\u00f5es administrativas.<\/p>\n\n\n\n<p class=\"wp-block-paragraph\">Em outras palavras, a arquitetura institucional do mercado regulado de carbono foi constru\u00edda de forma pr\u00f3pria.<\/p>\n\n\n\n<p class=\"wp-block-paragraph\">O SBCE possui governan\u00e7a pr\u00f3pria.<\/p>\n\n\n\n<h2 class=\"wp-block-heading\">Onde entra a CVM<\/h2>\n\n\n\n<p class=\"wp-block-paragraph\">A CVM aparece em um ponto espec\u00edfico da legisla\u00e7\u00e3o.<\/p>\n\n\n\n<p class=\"wp-block-paragraph\">A Lei n\u00ba 15.042 estabelece que os ativos do SBCE e os cr\u00e9ditos de carbono ser\u00e3o considerados valores mobili\u00e1rios <strong>quando negociados no mercado financeiro e de capitais<\/strong>. Nessa hip\u00f3tese, passam a se sujeitar \u00e0 legisla\u00e7\u00e3o e \u00e0 supervis\u00e3o da CVM.<\/p>\n\n\n\n<p class=\"wp-block-paragraph\">A pr\u00f3pria lei, entretanto, prev\u00ea expressamente a possibilidade de coloca\u00e7\u00f5es privadas realizadas fora do mercado financeiro e de capitais, situa\u00e7\u00e3o em que tais opera\u00e7\u00f5es n\u00e3o ficam sujeitas \u00e0 regulamenta\u00e7\u00e3o da autarquia.<\/p>\n\n\n\n<p class=\"wp-block-paragraph\">A distin\u00e7\u00e3o \u00e9 relevante.<\/p>\n\n\n\n<p class=\"wp-block-paragraph\">A CVM regula uma camada espec\u00edfica do ecossistema: a intera\u00e7\u00e3o dos ativos ambientais com o mercado de capitais.<\/p>\n\n\n\n<p class=\"wp-block-paragraph\">Ela n\u00e3o \u00e9 a respons\u00e1vel pela implementa\u00e7\u00e3o do SBCE, pela defini\u00e7\u00e3o das metas de emiss\u00f5es, pela governan\u00e7a do sistema, pelo registro central ou pelas metodologias que sustentar\u00e3o o funcionamento do mercado regulado.<\/p>\n\n\n\n<h2 class=\"wp-block-heading\">O risco de confundir temas distintos<\/h2>\n\n\n\n<p class=\"wp-block-paragraph\">A crise envolvendo os reportes IFRS S1 e S2 \u00e9 real.<\/p>\n\n\n\n<p class=\"wp-block-paragraph\">Ela pode gerar impactos importantes sobre:<\/p>\n\n\n\n<ul class=\"wp-block-list\">\n<li>transpar\u00eancia corporativa;<\/li>\n\n\n\n<li>previsibilidade regulat\u00f3ria;<\/li>\n\n\n\n<li>percep\u00e7\u00e3o de risco institucional;<\/li>\n\n\n\n<li>acesso a financiamento sustent\u00e1vel;<\/li>\n\n\n\n<li>confian\u00e7a dos investidores.<\/li>\n<\/ul>\n\n\n\n<p class=\"wp-block-paragraph\">Tudo isso importa para a transi\u00e7\u00e3o clim\u00e1tica.<\/p>\n\n\n\n<p class=\"wp-block-paragraph\">Mas existe um salto l\u00f3gico que merece cautela.<\/p>\n\n\n\n<p class=\"wp-block-paragraph\">N\u00e3o decorre automaticamente da controv\u00e9rsia da CVM a conclus\u00e3o de que o mercado regulado de carbono brasileiro esteja comprometido.<\/p>\n\n\n\n<p class=\"wp-block-paragraph\">O SBCE continua previsto em lei.<\/p>\n\n\n\n<p class=\"wp-block-paragraph\">Sua implementa\u00e7\u00e3o continua vinculada ao cronograma legal.<\/p>\n\n\n\n<p class=\"wp-block-paragraph\">Sua governan\u00e7a continua estruturada em \u00f3rg\u00e3os distintos da CVM.<\/p>\n\n\n\n<p class=\"wp-block-paragraph\">Suas compet\u00eancias regulat\u00f3rias permanecem atribu\u00eddas ao futuro \u00f3rg\u00e3o gestor do sistema.<\/p>\n\n\n\n<h2 class=\"wp-block-heading\">O impacto indireto existe<\/h2>\n\n\n\n<p class=\"wp-block-paragraph\">Isso n\u00e3o significa que a crise seja irrelevante para o mercado de carbono.<\/p>\n\n\n\n<p class=\"wp-block-paragraph\">Muito pelo contr\u00e1rio.<\/p>\n\n\n\n<p class=\"wp-block-paragraph\">Mercados ambientais dependem de confian\u00e7a.<\/p>\n\n\n\n<p class=\"wp-block-paragraph\">Investidores observam estabilidade institucional, previsibilidade regulat\u00f3ria e qualidade das informa\u00e7\u00f5es dispon\u00edveis.<\/p>\n\n\n\n<p class=\"wp-block-paragraph\">Uma percep\u00e7\u00e3o de inseguran\u00e7a pode afetar o fluxo de capital para projetos de transi\u00e7\u00e3o, infraestrutura verde, ativos ambientais e iniciativas de descarboniza\u00e7\u00e3o.<\/p>\n\n\n\n<p class=\"wp-block-paragraph\">Sob essa perspectiva, a controv\u00e9rsia da CVM possui efeitos indiretos que merecem aten\u00e7\u00e3o.<\/p>\n\n\n\n<p class=\"wp-block-paragraph\">Mas esses efeitos decorrem da influ\u00eancia sobre o ambiente de neg\u00f3cios e sobre a confian\u00e7a dos investidores \u2014 n\u00e3o de uma paralisa\u00e7\u00e3o ou desestrutura\u00e7\u00e3o do mercado regulado de carbono em si.<\/p>\n\n\n\n<h2 class=\"wp-block-heading\">O que realmente est\u00e1 em jogo<\/h2>\n\n\n\n<p class=\"wp-block-paragraph\">O epis\u00f3dio revela um desafio mais amplo.<\/p>\n\n\n\n<p class=\"wp-block-paragraph\">\u00c0 medida que a agenda clim\u00e1tica se torna economicamente relevante, diferentes temas passam a ser tratados como se fossem uma \u00fanica discuss\u00e3o.<\/p>\n\n\n\n<p class=\"wp-block-paragraph\">Mercado de capitais.<\/p>\n\n\n\n<p class=\"wp-block-paragraph\">Finan\u00e7as sustent\u00e1veis.<\/p>\n\n\n\n<p class=\"wp-block-paragraph\">Disclosure clim\u00e1tico.<\/p>\n\n\n\n<p class=\"wp-block-paragraph\">Mercado volunt\u00e1rio de carbono.<\/p>\n\n\n\n<p class=\"wp-block-paragraph\">Mercado regulado de carbono.<\/p>\n\n\n\n<p class=\"wp-block-paragraph\">Todos esses assuntos se relacionam.<\/p>\n\n\n\n<p class=\"wp-block-paragraph\">Mas n\u00e3o s\u00e3o a mesma coisa.<\/p>\n\n\n\n<p class=\"wp-block-paragraph\">Compreender essa diferen\u00e7a \u00e9 fundamental para avaliar corretamente os riscos e oportunidades da transi\u00e7\u00e3o econ\u00f4mica em curso.<\/p>\n\n\n\n<h2 class=\"wp-block-heading\">Conclus\u00e3o<\/h2>\n\n\n\n<p class=\"wp-block-paragraph\">A controv\u00e9rsia envolvendo a CVM merece acompanhamento atento.<\/p>\n\n\n\n<p class=\"wp-block-paragraph\">A rea\u00e7\u00e3o do mercado, os questionamentos do governo federal e a recente judicializa\u00e7\u00e3o demonstram que o debate est\u00e1 longe de terminar.<\/p>\n\n\n\n<p class=\"wp-block-paragraph\">Entretanto, \u00e9 importante separar os planos da discuss\u00e3o.<\/p>\n\n\n\n<p class=\"wp-block-paragraph\">A crise atual pode representar um teste relevante para a credibilidade da agenda de transpar\u00eancia clim\u00e1tica brasileira.<\/p>\n\n\n\n<p class=\"wp-block-paragraph\">Pode afetar a percep\u00e7\u00e3o de previsibilidade regulat\u00f3ria.<\/p>\n\n\n\n<p class=\"wp-block-paragraph\">Pode influenciar decis\u00f5es de investimento.<\/p>\n\n\n\n<p class=\"wp-block-paragraph\">Mas n\u00e3o deve ser confundida com uma crise estrutural do mercado de carbono.<\/p>\n\n\n\n<p class=\"wp-block-paragraph\">A Lei n\u00ba 15.042 desenhou um sistema de governan\u00e7a pr\u00f3prio para o SBCE. A atua\u00e7\u00e3o da CVM \u00e9 importante, por\u00e9m setorial e complementar.<\/p>\n\n\n\n<p class=\"wp-block-paragraph\">Por isso, talvez a pergunta mais adequada n\u00e3o seja se a crise da CVM amea\u00e7a o mercado de carbono.<\/p>\n\n\n\n<p class=\"wp-block-paragraph\">A pergunta correta \u00e9 outra:<\/p>\n\n\n\n<p class=\"wp-block-paragraph\"><strong>at\u00e9 que ponto a crise de confian\u00e7a gerada pela controv\u00e9rsia regulat\u00f3ria poder\u00e1 afetar a capacidade do Brasil de atrair o capital necess\u00e1rio para financiar sua transi\u00e7\u00e3o clim\u00e1tica?<\/strong><\/p>","protected":false},"excerpt":{"rendered":"<p>Como a controv\u00e9rsia sobre os reportes clim\u00e1ticos est\u00e1 sendo confundida com a implementa\u00e7\u00e3o do mercado regulado de carbono no Brasil Nas \u00faltimas semanas, a decis\u00e3o da Comiss\u00e3o de Valores Mobili\u00e1rios (CVM) de revogar a obrigatoriedade dos reportes financeiros de sustentabilidade e clima sob os padr\u00f5es IFRS S1 e IFRS S2 desencadeou uma das maiores controv\u00e9rsias [&hellip;]<\/p>\n","protected":false},"author":1,"featured_media":0,"comment_status":"open","ping_status":"open","sticky":false,"template":"","format":"standard","meta":{"_monsterinsights_skip_tracking":false,"_uf_show_specific_survey":0,"_uf_disable_surveys":false,"footnotes":""},"categories":[6],"tags":[],"class_list":["post-280","post","type-post","status-publish","format-standard","hentry","category-category-1"],"aioseo_notices":[],"aioseo_head":"\n\t\t<!-- All in One SEO 4.9.10 - aioseo.com -->\n\t<meta name=\"description\" content=\"Como a controv\u00e9rsia sobre os reportes clim\u00e1ticos est\u00e1 sendo confundida com a implementa\u00e7\u00e3o do mercado regulado de carbono no Brasil Nas \u00faltimas semanas, a decis\u00e3o da Comiss\u00e3o de Valores Mobili\u00e1rios (CVM) de revogar a obrigatoriedade dos reportes financeiros de sustentabilidade e clima sob os padr\u00f5es IFRS S1 e IFRS S2 desencadeou uma das maiores controv\u00e9rsias\" \/>\n\t<meta name=\"robots\" content=\"max-image-preview:large\" \/>\n\t<meta name=\"author\" content=\"Marcello S Moreno\"\/>\n\t<link rel=\"canonical\" href=\"https:\/\/4ccarbon.com.br\/en\/a-crise-da-cvm-nao-e-uma-crise-do-mercado-de-carbono\/\" \/>\n\t<meta name=\"generator\" content=\"All in One SEO (AIOSEO) 4.9.10\" \/>\n\t\t<meta property=\"og:locale\" content=\"en_US\" \/>\n\t\t<meta property=\"og:site_name\" content=\"Climate Regtech para o Mercado de Cr\u00e9ditos de Carbono - My WordPress Blog\" \/>\n\t\t<meta property=\"og:type\" content=\"article\" \/>\n\t\t<meta property=\"og:title\" content=\"A crise da CVM n\u00e3o \u00e9 uma crise do mercado de carbono - Climate Regtech para o Mercado de Cr\u00e9ditos de Carbono\" \/>\n\t\t<meta property=\"og:description\" content=\"Como a controv\u00e9rsia sobre os reportes clim\u00e1ticos est\u00e1 sendo confundida com a implementa\u00e7\u00e3o do mercado regulado de carbono no Brasil Nas \u00faltimas semanas, a decis\u00e3o da Comiss\u00e3o de Valores Mobili\u00e1rios (CVM) de revogar a obrigatoriedade dos reportes financeiros de sustentabilidade e clima sob os padr\u00f5es IFRS S1 e IFRS S2 desencadeou uma das maiores controv\u00e9rsias\" \/>\n\t\t<meta property=\"og:url\" content=\"https:\/\/4ccarbon.com.br\/en\/a-crise-da-cvm-nao-e-uma-crise-do-mercado-de-carbono\/\" \/>\n\t\t<meta property=\"article:published_time\" content=\"2026-06-09T16:44:35+00:00\" \/>\n\t\t<meta property=\"article:modified_time\" content=\"2026-06-09T16:49:29+00:00\" \/>\n\t\t<meta name=\"twitter:card\" content=\"summary_large_image\" \/>\n\t\t<meta name=\"twitter:title\" content=\"A crise da CVM n\u00e3o \u00e9 uma crise do mercado de carbono - Climate Regtech para o Mercado de Cr\u00e9ditos de Carbono\" \/>\n\t\t<meta name=\"twitter:description\" content=\"Como a controv\u00e9rsia sobre os reportes clim\u00e1ticos est\u00e1 sendo confundida com a implementa\u00e7\u00e3o do mercado regulado de carbono no Brasil Nas \u00faltimas semanas, a decis\u00e3o da Comiss\u00e3o de Valores Mobili\u00e1rios (CVM) de revogar a obrigatoriedade dos reportes financeiros de sustentabilidade e clima sob os padr\u00f5es IFRS S1 e IFRS S2 desencadeou uma das maiores controv\u00e9rsias\" \/>\n\t\t<script type=\"application\/ld+json\" class=\"aioseo-schema\">\n\t\t\t{\"@context\":\"https:\\\/\\\/schema.org\",\"@graph\":[{\"@type\":\"BlogPosting\",\"@id\":\"https:\\\/\\\/4ccarbon.com.br\\\/en\\\/a-crise-da-cvm-nao-e-uma-crise-do-mercado-de-carbono\\\/#blogposting\",\"name\":\"A crise da CVM n\\u00e3o \\u00e9 uma crise do mercado de carbono - Climate Regtech para o Mercado de Cr\\u00e9ditos de Carbono\",\"headline\":\"A crise da CVM n\\u00e3o \\u00e9 uma crise do mercado de carbono\",\"author\":{\"@id\":\"https:\\\/\\\/4ccarbon.com.br\\\/en\\\/author\\\/morpetx\\\/#author\"},\"publisher\":{\"@id\":\"https:\\\/\\\/4ccarbon.com.br\\\/en\\\/#organization\"},\"datePublished\":\"2026-06-09T16:44:35+00:00\",\"dateModified\":\"2026-06-09T16:49:29+00:00\",\"inLanguage\":\"en-US\",\"mainEntityOfPage\":{\"@id\":\"https:\\\/\\\/4ccarbon.com.br\\\/en\\\/a-crise-da-cvm-nao-e-uma-crise-do-mercado-de-carbono\\\/#webpage\"},\"isPartOf\":{\"@id\":\"https:\\\/\\\/4ccarbon.com.br\\\/en\\\/a-crise-da-cvm-nao-e-uma-crise-do-mercado-de-carbono\\\/#webpage\"},\"articleSection\":\"Categoria 1\"},{\"@type\":\"BreadcrumbList\",\"@id\":\"https:\\\/\\\/4ccarbon.com.br\\\/en\\\/a-crise-da-cvm-nao-e-uma-crise-do-mercado-de-carbono\\\/#breadcrumblist\",\"itemListElement\":[{\"@type\":\"ListItem\",\"@id\":\"https:\\\/\\\/4ccarbon.com.br\\\/en#listItem\",\"position\":1,\"name\":\"Home\",\"item\":\"https:\\\/\\\/4ccarbon.com.br\\\/en\",\"nextItem\":{\"@type\":\"ListItem\",\"@id\":\"https:\\\/\\\/4ccarbon.com.br\\\/en\\\/category\\\/category-1\\\/#listItem\",\"name\":\"Categoria 1\"}},{\"@type\":\"ListItem\",\"@id\":\"https:\\\/\\\/4ccarbon.com.br\\\/en\\\/category\\\/category-1\\\/#listItem\",\"position\":2,\"name\":\"Categoria 1\",\"item\":\"https:\\\/\\\/4ccarbon.com.br\\\/en\\\/category\\\/category-1\\\/\",\"nextItem\":{\"@type\":\"ListItem\",\"@id\":\"https:\\\/\\\/4ccarbon.com.br\\\/en\\\/a-crise-da-cvm-nao-e-uma-crise-do-mercado-de-carbono\\\/#listItem\",\"name\":\"A crise da CVM n\\u00e3o \\u00e9 uma crise do mercado de carbono\"},\"previousItem\":{\"@type\":\"ListItem\",\"@id\":\"https:\\\/\\\/4ccarbon.com.br\\\/en#listItem\",\"name\":\"Home\"}},{\"@type\":\"ListItem\",\"@id\":\"https:\\\/\\\/4ccarbon.com.br\\\/en\\\/a-crise-da-cvm-nao-e-uma-crise-do-mercado-de-carbono\\\/#listItem\",\"position\":3,\"name\":\"A crise da CVM n\\u00e3o \\u00e9 uma crise do mercado de carbono\",\"previousItem\":{\"@type\":\"ListItem\",\"@id\":\"https:\\\/\\\/4ccarbon.com.br\\\/en\\\/category\\\/category-1\\\/#listItem\",\"name\":\"Categoria 1\"}}]},{\"@type\":\"Organization\",\"@id\":\"https:\\\/\\\/4ccarbon.com.br\\\/en\\\/#organization\",\"name\":\"Climate Regtech para o Mercado de Cr\\u00e9ditos de Carbono\",\"description\":\"My WordPress Blog\",\"url\":\"https:\\\/\\\/4ccarbon.com.br\\\/en\\\/\"},{\"@type\":\"Person\",\"@id\":\"https:\\\/\\\/4ccarbon.com.br\\\/en\\\/author\\\/morpetx\\\/#author\",\"url\":\"https:\\\/\\\/4ccarbon.com.br\\\/en\\\/author\\\/morpetx\\\/\",\"name\":\"Marcello S Moreno\",\"image\":{\"@type\":\"ImageObject\",\"@id\":\"https:\\\/\\\/4ccarbon.com.br\\\/en\\\/a-crise-da-cvm-nao-e-uma-crise-do-mercado-de-carbono\\\/#authorImage\",\"url\":\"https:\\\/\\\/secure.gravatar.com\\\/avatar\\\/d08833e0f0eac917a1681651c89fd148748c7a30f6a04ff308aeb329db723480?s=96&d=mm&r=g\",\"width\":96,\"height\":96,\"caption\":\"Marcello S Moreno\"}},{\"@type\":\"WebPage\",\"@id\":\"https:\\\/\\\/4ccarbon.com.br\\\/en\\\/a-crise-da-cvm-nao-e-uma-crise-do-mercado-de-carbono\\\/#webpage\",\"url\":\"https:\\\/\\\/4ccarbon.com.br\\\/en\\\/a-crise-da-cvm-nao-e-uma-crise-do-mercado-de-carbono\\\/\",\"name\":\"A crise da CVM n\\u00e3o \\u00e9 uma crise do mercado de carbono - Climate Regtech para o Mercado de Cr\\u00e9ditos de Carbono\",\"description\":\"Como a controv\\u00e9rsia sobre os reportes clim\\u00e1ticos est\\u00e1 sendo confundida com a implementa\\u00e7\\u00e3o do mercado regulado de carbono no Brasil Nas \\u00faltimas semanas, a decis\\u00e3o da Comiss\\u00e3o de Valores Mobili\\u00e1rios (CVM) de revogar a obrigatoriedade dos reportes financeiros de sustentabilidade e clima sob os padr\\u00f5es IFRS S1 e IFRS S2 desencadeou uma das maiores controv\\u00e9rsias\",\"inLanguage\":\"en-US\",\"isPartOf\":{\"@id\":\"https:\\\/\\\/4ccarbon.com.br\\\/en\\\/#website\"},\"breadcrumb\":{\"@id\":\"https:\\\/\\\/4ccarbon.com.br\\\/en\\\/a-crise-da-cvm-nao-e-uma-crise-do-mercado-de-carbono\\\/#breadcrumblist\"},\"author\":{\"@id\":\"https:\\\/\\\/4ccarbon.com.br\\\/en\\\/author\\\/morpetx\\\/#author\"},\"creator\":{\"@id\":\"https:\\\/\\\/4ccarbon.com.br\\\/en\\\/author\\\/morpetx\\\/#author\"},\"datePublished\":\"2026-06-09T16:44:35+00:00\",\"dateModified\":\"2026-06-09T16:49:29+00:00\"},{\"@type\":\"WebSite\",\"@id\":\"https:\\\/\\\/4ccarbon.com.br\\\/en\\\/#website\",\"url\":\"https:\\\/\\\/4ccarbon.com.br\\\/en\\\/\",\"name\":\"Climate Regtech para o Mercado de Cr\\u00e9ditos de Carbono\",\"description\":\"My WordPress Blog\",\"inLanguage\":\"en-US\",\"publisher\":{\"@id\":\"https:\\\/\\\/4ccarbon.com.br\\\/en\\\/#organization\"}}]}\n\t\t<\/script>\n\t\t<!-- All in One SEO -->\n\n","aioseo_head_json":{"title":"A crise da CVM n\u00e3o \u00e9 uma crise do mercado de carbono - Climate Regtech para o Mercado de Cr\u00e9ditos de Carbono","description":"Como a controv\u00e9rsia sobre os reportes clim\u00e1ticos est\u00e1 sendo confundida com a implementa\u00e7\u00e3o do mercado regulado de carbono no Brasil Nas \u00faltimas semanas, a decis\u00e3o da Comiss\u00e3o de Valores Mobili\u00e1rios (CVM) de revogar a obrigatoriedade dos reportes financeiros de sustentabilidade e clima sob os padr\u00f5es IFRS S1 e IFRS S2 desencadeou uma das maiores controv\u00e9rsias","canonical_url":"https:\/\/4ccarbon.com.br\/en\/a-crise-da-cvm-nao-e-uma-crise-do-mercado-de-carbono\/","robots":"max-image-preview:large","keywords":"","webmasterTools":{"miscellaneous":""},"schema":{"@context":"https:\/\/schema.org","@graph":[{"@type":"BlogPosting","@id":"https:\/\/4ccarbon.com.br\/en\/a-crise-da-cvm-nao-e-uma-crise-do-mercado-de-carbono\/#blogposting","name":"A crise da CVM n\u00e3o \u00e9 uma crise do mercado de carbono - Climate Regtech para o Mercado de Cr\u00e9ditos de Carbono","headline":"A crise da CVM n\u00e3o \u00e9 uma crise do mercado de carbono","author":{"@id":"https:\/\/4ccarbon.com.br\/en\/author\/morpetx\/#author"},"publisher":{"@id":"https:\/\/4ccarbon.com.br\/en\/#organization"},"datePublished":"2026-06-09T16:44:35+00:00","dateModified":"2026-06-09T16:49:29+00:00","inLanguage":"en-US","mainEntityOfPage":{"@id":"https:\/\/4ccarbon.com.br\/en\/a-crise-da-cvm-nao-e-uma-crise-do-mercado-de-carbono\/#webpage"},"isPartOf":{"@id":"https:\/\/4ccarbon.com.br\/en\/a-crise-da-cvm-nao-e-uma-crise-do-mercado-de-carbono\/#webpage"},"articleSection":"Categoria 1"},{"@type":"BreadcrumbList","@id":"https:\/\/4ccarbon.com.br\/en\/a-crise-da-cvm-nao-e-uma-crise-do-mercado-de-carbono\/#breadcrumblist","itemListElement":[{"@type":"ListItem","@id":"https:\/\/4ccarbon.com.br\/en#listItem","position":1,"name":"Home","item":"https:\/\/4ccarbon.com.br\/en","nextItem":{"@type":"ListItem","@id":"https:\/\/4ccarbon.com.br\/en\/category\/category-1\/#listItem","name":"Categoria 1"}},{"@type":"ListItem","@id":"https:\/\/4ccarbon.com.br\/en\/category\/category-1\/#listItem","position":2,"name":"Categoria 1","item":"https:\/\/4ccarbon.com.br\/en\/category\/category-1\/","nextItem":{"@type":"ListItem","@id":"https:\/\/4ccarbon.com.br\/en\/a-crise-da-cvm-nao-e-uma-crise-do-mercado-de-carbono\/#listItem","name":"A crise da CVM n\u00e3o \u00e9 uma crise do mercado de carbono"},"previousItem":{"@type":"ListItem","@id":"https:\/\/4ccarbon.com.br\/en#listItem","name":"Home"}},{"@type":"ListItem","@id":"https:\/\/4ccarbon.com.br\/en\/a-crise-da-cvm-nao-e-uma-crise-do-mercado-de-carbono\/#listItem","position":3,"name":"A crise da CVM n\u00e3o \u00e9 uma crise do mercado de carbono","previousItem":{"@type":"ListItem","@id":"https:\/\/4ccarbon.com.br\/en\/category\/category-1\/#listItem","name":"Categoria 1"}}]},{"@type":"Organization","@id":"https:\/\/4ccarbon.com.br\/en\/#organization","name":"Climate Regtech para o Mercado de Cr\u00e9ditos de Carbono","description":"My WordPress Blog","url":"https:\/\/4ccarbon.com.br\/en\/"},{"@type":"Person","@id":"https:\/\/4ccarbon.com.br\/en\/author\/morpetx\/#author","url":"https:\/\/4ccarbon.com.br\/en\/author\/morpetx\/","name":"Marcello S Moreno","image":{"@type":"ImageObject","@id":"https:\/\/4ccarbon.com.br\/en\/a-crise-da-cvm-nao-e-uma-crise-do-mercado-de-carbono\/#authorImage","url":"https:\/\/secure.gravatar.com\/avatar\/d08833e0f0eac917a1681651c89fd148748c7a30f6a04ff308aeb329db723480?s=96&d=mm&r=g","width":96,"height":96,"caption":"Marcello S Moreno"}},{"@type":"WebPage","@id":"https:\/\/4ccarbon.com.br\/en\/a-crise-da-cvm-nao-e-uma-crise-do-mercado-de-carbono\/#webpage","url":"https:\/\/4ccarbon.com.br\/en\/a-crise-da-cvm-nao-e-uma-crise-do-mercado-de-carbono\/","name":"A crise da CVM n\u00e3o \u00e9 uma crise do mercado de carbono - Climate Regtech para o Mercado de Cr\u00e9ditos de Carbono","description":"Como a controv\u00e9rsia sobre os reportes clim\u00e1ticos est\u00e1 sendo confundida com a implementa\u00e7\u00e3o do mercado regulado de carbono no Brasil Nas \u00faltimas semanas, a decis\u00e3o da Comiss\u00e3o de Valores Mobili\u00e1rios (CVM) de revogar a obrigatoriedade dos reportes financeiros de sustentabilidade e clima sob os padr\u00f5es IFRS S1 e IFRS S2 desencadeou uma das maiores controv\u00e9rsias","inLanguage":"en-US","isPartOf":{"@id":"https:\/\/4ccarbon.com.br\/en\/#website"},"breadcrumb":{"@id":"https:\/\/4ccarbon.com.br\/en\/a-crise-da-cvm-nao-e-uma-crise-do-mercado-de-carbono\/#breadcrumblist"},"author":{"@id":"https:\/\/4ccarbon.com.br\/en\/author\/morpetx\/#author"},"creator":{"@id":"https:\/\/4ccarbon.com.br\/en\/author\/morpetx\/#author"},"datePublished":"2026-06-09T16:44:35+00:00","dateModified":"2026-06-09T16:49:29+00:00"},{"@type":"WebSite","@id":"https:\/\/4ccarbon.com.br\/en\/#website","url":"https:\/\/4ccarbon.com.br\/en\/","name":"Climate Regtech para o Mercado de Cr\u00e9ditos de Carbono","description":"My WordPress Blog","inLanguage":"en-US","publisher":{"@id":"https:\/\/4ccarbon.com.br\/en\/#organization"}}]},"og:locale":"en_US","og:site_name":"Climate Regtech para o Mercado de Cr\u00e9ditos de Carbono - My WordPress Blog","og:type":"article","og:title":"A crise da CVM n\u00e3o \u00e9 uma crise do mercado de carbono - Climate Regtech para o Mercado de Cr\u00e9ditos de Carbono","og:description":"Como a controv\u00e9rsia sobre os reportes clim\u00e1ticos est\u00e1 sendo confundida com a implementa\u00e7\u00e3o do mercado regulado de carbono no Brasil Nas \u00faltimas semanas, a decis\u00e3o da Comiss\u00e3o de Valores Mobili\u00e1rios (CVM) de revogar a obrigatoriedade dos reportes financeiros de sustentabilidade e clima sob os padr\u00f5es IFRS S1 e IFRS S2 desencadeou uma das maiores controv\u00e9rsias","og:url":"https:\/\/4ccarbon.com.br\/en\/a-crise-da-cvm-nao-e-uma-crise-do-mercado-de-carbono\/","article:published_time":"2026-06-09T16:44:35+00:00","article:modified_time":"2026-06-09T16:49:29+00:00","twitter:card":"summary_large_image","twitter:title":"A crise da CVM n\u00e3o \u00e9 uma crise do mercado de carbono - Climate Regtech para o Mercado de Cr\u00e9ditos de Carbono","twitter:description":"Como a controv\u00e9rsia sobre os reportes clim\u00e1ticos est\u00e1 sendo confundida com a implementa\u00e7\u00e3o do mercado regulado de carbono no Brasil Nas \u00faltimas semanas, a decis\u00e3o da Comiss\u00e3o de Valores Mobili\u00e1rios (CVM) de revogar a obrigatoriedade dos reportes financeiros de sustentabilidade e clima sob os padr\u00f5es IFRS S1 e IFRS S2 desencadeou uma das maiores controv\u00e9rsias"},"aioseo_meta_data":{"post_id":"280","title":null,"description":null,"keywords":null,"keyphrases":null,"primary_term":null,"canonical_url":null,"og_title":null,"og_description":null,"og_object_type":"default","og_image_type":"default","og_image_custom_url":null,"og_image_custom_fields":null,"og_image_url":null,"og_image_width":null,"og_image_height":null,"og_video":null,"og_custom_url":null,"og_article_section":null,"og_article_tags":null,"twitter_use_og":false,"twitter_card":"default","twitter_image_type":"default","twitter_image_custom_url":null,"twitter_image_custom_fields":null,"twitter_image_url":null,"twitter_title":null,"twitter_description":null,"schema_type":"default","schema_type_options":null,"schema":{"blockGraphs":[],"customGraphs":[],"default":{"data":{"Article":[],"Course":[],"Dataset":[],"FAQPage":[],"Movie":[],"Person":[],"Product":[],"ProductReview":[],"Car":[],"Recipe":[],"Service":[],"SoftwareApplication":[],"WebPage":[]},"graphName":"","isEnabled":true},"graphs":[]},"pillar_content":false,"robots_default":true,"robots_noindex":false,"robots_noarchive":false,"robots_nosnippet":false,"robots_nofollow":false,"robots_noimageindex":false,"robots_noodp":false,"robots_notranslate":false,"robots_max_snippet":null,"robots_max_videopreview":null,"robots_max_imagepreview":"large","priority":null,"frequency":null,"local_seo":null,"limit_modified_date":false,"ai":null,"breadcrumb_settings":null,"seo_analyzer_scan_date":null,"created":"2026-07-27 06:14:45","updated":"2026-07-27 06:14:45"},"aioseo_breadcrumb":"<div class=\"aioseo-breadcrumbs\"><span class=\"aioseo-breadcrumb\">\n\t\t\t<a href=\"https:\/\/4ccarbon.com.br\/en\" title=\"Home\">Home<\/a>\n\t\t<\/span><span class=\"aioseo-breadcrumb-separator\">&raquo;<\/span><span class=\"aioseo-breadcrumb\">\n\t\t\t<a href=\"https:\/\/4ccarbon.com.br\/en\/category\/category-1\/\" title=\"Categoria 1\">Categoria 1<\/a>\n\t\t<\/span><span class=\"aioseo-breadcrumb-separator\">&raquo;<\/span><span class=\"aioseo-breadcrumb\">\n\t\t\tA crise da CVM n\u00e3o \u00e9 uma crise do mercado de carbono\n\t\t<\/span><\/div>","aioseo_breadcrumb_json":[{"label":"Home","link":"https:\/\/4ccarbon.com.br\/en"},{"label":"Categoria 1","link":"https:\/\/4ccarbon.com.br\/en\/category\/category-1\/"},{"label":"A crise da CVM n\u00e3o \u00e9 uma crise do mercado de carbono","link":"https:\/\/4ccarbon.com.br\/en\/a-crise-da-cvm-nao-e-uma-crise-do-mercado-de-carbono\/"}],"yoast_head":"<!-- This site is optimized with the Yoast SEO plugin v27.2 - https:\/\/yoast.com\/product\/yoast-seo-wordpress\/ -->\n<title>A crise da CVM n\u00e3o \u00e9 uma crise do mercado de carbono - Climate Regtech para o Mercado de Cr\u00e9ditos de Carbono<\/title>\n<meta name=\"robots\" content=\"index, follow, max-snippet:-1, max-image-preview:large, max-video-preview:-1\" \/>\n<link rel=\"canonical\" href=\"https:\/\/4ccarbon.com.br\/en\/a-crise-da-cvm-nao-e-uma-crise-do-mercado-de-carbono\/\" \/>\n<meta property=\"og:locale\" content=\"en_US\" \/>\n<meta property=\"og:type\" content=\"article\" \/>\n<meta property=\"og:title\" content=\"A crise da CVM n\u00e3o \u00e9 uma crise do mercado de carbono - Climate Regtech para o Mercado de Cr\u00e9ditos de Carbono\" \/>\n<meta property=\"og:description\" content=\"Como a controv\u00e9rsia sobre os reportes clim\u00e1ticos est\u00e1 sendo confundida com a implementa\u00e7\u00e3o do mercado regulado de carbono no Brasil Nas \u00faltimas semanas, a decis\u00e3o da Comiss\u00e3o de Valores Mobili\u00e1rios (CVM) de revogar a obrigatoriedade dos reportes financeiros de sustentabilidade e clima sob os padr\u00f5es IFRS S1 e IFRS S2 desencadeou uma das maiores controv\u00e9rsias [&hellip;]\" \/>\n<meta property=\"og:url\" content=\"https:\/\/4ccarbon.com.br\/en\/a-crise-da-cvm-nao-e-uma-crise-do-mercado-de-carbono\/\" \/>\n<meta property=\"og:site_name\" content=\"Climate Regtech para o Mercado de Cr\u00e9ditos de Carbono\" \/>\n<meta property=\"article:published_time\" content=\"2026-06-09T16:44:35+00:00\" \/>\n<meta property=\"article:modified_time\" content=\"2026-06-09T16:49:29+00:00\" \/>\n<meta name=\"author\" content=\"Marcello S Moreno\" \/>\n<meta name=\"twitter:card\" content=\"summary_large_image\" \/>\n<meta name=\"twitter:label1\" content=\"Written by\" \/>\n\t<meta name=\"twitter:data1\" content=\"Marcello S Moreno\" \/>\n\t<meta name=\"twitter:label2\" content=\"Est. reading time\" \/>\n\t<meta name=\"twitter:data2\" content=\"6 minutes\" \/>\n<script type=\"application\/ld+json\" class=\"yoast-schema-graph\">{\"@context\":\"https:\/\/schema.org\",\"@graph\":[{\"@type\":\"Article\",\"@id\":\"https:\/\/4ccarbon.com.br\/a-crise-da-cvm-nao-e-uma-crise-do-mercado-de-carbono\/#article\",\"isPartOf\":{\"@id\":\"https:\/\/4ccarbon.com.br\/a-crise-da-cvm-nao-e-uma-crise-do-mercado-de-carbono\/\"},\"author\":{\"name\":\"Marcello S Moreno\",\"@id\":\"https:\/\/4ccarbon.com.br\/#\/schema\/person\/ddae2dfe7f46a5c59722d9932f8735df\"},\"headline\":\"A crise da CVM n\u00e3o \u00e9 uma crise do mercado de carbono\",\"datePublished\":\"2026-06-09T16:44:35+00:00\",\"dateModified\":\"2026-06-09T16:49:29+00:00\",\"mainEntityOfPage\":{\"@id\":\"https:\/\/4ccarbon.com.br\/a-crise-da-cvm-nao-e-uma-crise-do-mercado-de-carbono\/\"},\"wordCount\":1144,\"commentCount\":0,\"publisher\":{\"@id\":\"https:\/\/4ccarbon.com.br\/#organization\"},\"articleSection\":[\"Categoria 1\"],\"inLanguage\":\"en-US\",\"potentialAction\":[{\"@type\":\"CommentAction\",\"name\":\"Comment\",\"target\":[\"https:\/\/4ccarbon.com.br\/a-crise-da-cvm-nao-e-uma-crise-do-mercado-de-carbono\/#respond\"]}]},{\"@type\":\"WebPage\",\"@id\":\"https:\/\/4ccarbon.com.br\/a-crise-da-cvm-nao-e-uma-crise-do-mercado-de-carbono\/\",\"url\":\"https:\/\/4ccarbon.com.br\/a-crise-da-cvm-nao-e-uma-crise-do-mercado-de-carbono\/\",\"name\":\"A crise da CVM n\u00e3o \u00e9 uma crise do mercado de carbono - Climate Regtech para o Mercado de Cr\u00e9ditos de Carbono\",\"isPartOf\":{\"@id\":\"https:\/\/4ccarbon.com.br\/#website\"},\"datePublished\":\"2026-06-09T16:44:35+00:00\",\"dateModified\":\"2026-06-09T16:49:29+00:00\",\"breadcrumb\":{\"@id\":\"https:\/\/4ccarbon.com.br\/a-crise-da-cvm-nao-e-uma-crise-do-mercado-de-carbono\/#breadcrumb\"},\"inLanguage\":\"en-US\",\"potentialAction\":[{\"@type\":\"ReadAction\",\"target\":[\"https:\/\/4ccarbon.com.br\/a-crise-da-cvm-nao-e-uma-crise-do-mercado-de-carbono\/\"]}]},{\"@type\":\"BreadcrumbList\",\"@id\":\"https:\/\/4ccarbon.com.br\/a-crise-da-cvm-nao-e-uma-crise-do-mercado-de-carbono\/#breadcrumb\",\"itemListElement\":[{\"@type\":\"ListItem\",\"position\":1,\"name\":\"In\u00edcio\",\"item\":\"https:\/\/4ccarbon.com.br\/\"},{\"@type\":\"ListItem\",\"position\":2,\"name\":\"A crise da CVM n\u00e3o \u00e9 uma crise do mercado de carbono\"}]},{\"@type\":\"WebSite\",\"@id\":\"https:\/\/4ccarbon.com.br\/#website\",\"url\":\"https:\/\/4ccarbon.com.br\/\",\"name\":\"Climate Regtech para o Mercado de Cr\u00e9ditos de Carbono\",\"description\":\"My WordPress Blog\",\"publisher\":{\"@id\":\"https:\/\/4ccarbon.com.br\/#organization\"},\"potentialAction\":[{\"@type\":\"SearchAction\",\"target\":{\"@type\":\"EntryPoint\",\"urlTemplate\":\"https:\/\/4ccarbon.com.br\/?s={search_term_string}\"},\"query-input\":{\"@type\":\"PropertyValueSpecification\",\"valueRequired\":true,\"valueName\":\"search_term_string\"}}],\"inLanguage\":\"en-US\"},{\"@type\":\"Organization\",\"@id\":\"https:\/\/4ccarbon.com.br\/#organization\",\"name\":\"Climate Regtech para o Mercado de Cr\u00e9ditos de Carbono\",\"url\":\"https:\/\/4ccarbon.com.br\/\",\"logo\":{\"@type\":\"ImageObject\",\"inLanguage\":\"en-US\",\"@id\":\"https:\/\/4ccarbon.com.br\/#\/schema\/logo\/image\/\",\"url\":\"https:\/\/4ccarbon.com.br\/wp-content\/uploads\/2026\/01\/4C_CARBON_logo_transparente.png\",\"contentUrl\":\"https:\/\/4ccarbon.com.br\/wp-content\/uploads\/2026\/01\/4C_CARBON_logo_transparente.png\",\"width\":385,\"height\":315,\"caption\":\"Climate Regtech para o Mercado de Cr\u00e9ditos de Carbono\"},\"image\":{\"@id\":\"https:\/\/4ccarbon.com.br\/#\/schema\/logo\/image\/\"}},{\"@type\":\"Person\",\"@id\":\"https:\/\/4ccarbon.com.br\/#\/schema\/person\/ddae2dfe7f46a5c59722d9932f8735df\",\"name\":\"Marcello S Moreno\",\"image\":{\"@type\":\"ImageObject\",\"inLanguage\":\"en-US\",\"@id\":\"https:\/\/secure.gravatar.com\/avatar\/d08833e0f0eac917a1681651c89fd148748c7a30f6a04ff308aeb329db723480?s=96&d=mm&r=g\",\"url\":\"https:\/\/secure.gravatar.com\/avatar\/d08833e0f0eac917a1681651c89fd148748c7a30f6a04ff308aeb329db723480?s=96&d=mm&r=g\",\"contentUrl\":\"https:\/\/secure.gravatar.com\/avatar\/d08833e0f0eac917a1681651c89fd148748c7a30f6a04ff308aeb329db723480?s=96&d=mm&r=g\",\"caption\":\"Marcello S Moreno\"},\"sameAs\":[\"https:\/\/4ccarbon.com.br\"],\"url\":\"https:\/\/4ccarbon.com.br\/en\/author\/morpetx\/\"}]}<\/script>\n<!-- \/ Yoast SEO plugin. -->","yoast_head_json":{"title":"A crise da CVM n\u00e3o \u00e9 uma crise do mercado de carbono - Climate Regtech para o Mercado de Cr\u00e9ditos de Carbono","robots":{"index":"index","follow":"follow","max-snippet":"max-snippet:-1","max-image-preview":"max-image-preview:large","max-video-preview":"max-video-preview:-1"},"canonical":"https:\/\/4ccarbon.com.br\/en\/a-crise-da-cvm-nao-e-uma-crise-do-mercado-de-carbono\/","og_locale":"en_US","og_type":"article","og_title":"A crise da CVM n\u00e3o \u00e9 uma crise do mercado de carbono - Climate Regtech para o Mercado de Cr\u00e9ditos de Carbono","og_description":"Como a controv\u00e9rsia sobre os reportes clim\u00e1ticos est\u00e1 sendo confundida com a implementa\u00e7\u00e3o do mercado regulado de carbono no Brasil Nas \u00faltimas semanas, a decis\u00e3o da Comiss\u00e3o de Valores Mobili\u00e1rios (CVM) de revogar a obrigatoriedade dos reportes financeiros de sustentabilidade e clima sob os padr\u00f5es IFRS S1 e IFRS S2 desencadeou uma das maiores controv\u00e9rsias [&hellip;]","og_url":"https:\/\/4ccarbon.com.br\/en\/a-crise-da-cvm-nao-e-uma-crise-do-mercado-de-carbono\/","og_site_name":"Climate Regtech para o Mercado de Cr\u00e9ditos de Carbono","article_published_time":"2026-06-09T16:44:35+00:00","article_modified_time":"2026-06-09T16:49:29+00:00","author":"Marcello S Moreno","twitter_card":"summary_large_image","twitter_misc":{"Written by":"Marcello S Moreno","Est. reading time":"6 minutes"},"schema":{"@context":"https:\/\/schema.org","@graph":[{"@type":"Article","@id":"https:\/\/4ccarbon.com.br\/a-crise-da-cvm-nao-e-uma-crise-do-mercado-de-carbono\/#article","isPartOf":{"@id":"https:\/\/4ccarbon.com.br\/a-crise-da-cvm-nao-e-uma-crise-do-mercado-de-carbono\/"},"author":{"name":"Marcello S Moreno","@id":"https:\/\/4ccarbon.com.br\/#\/schema\/person\/ddae2dfe7f46a5c59722d9932f8735df"},"headline":"A crise da CVM n\u00e3o \u00e9 uma crise do mercado de carbono","datePublished":"2026-06-09T16:44:35+00:00","dateModified":"2026-06-09T16:49:29+00:00","mainEntityOfPage":{"@id":"https:\/\/4ccarbon.com.br\/a-crise-da-cvm-nao-e-uma-crise-do-mercado-de-carbono\/"},"wordCount":1144,"commentCount":0,"publisher":{"@id":"https:\/\/4ccarbon.com.br\/#organization"},"articleSection":["Categoria 1"],"inLanguage":"en-US","potentialAction":[{"@type":"CommentAction","name":"Comment","target":["https:\/\/4ccarbon.com.br\/a-crise-da-cvm-nao-e-uma-crise-do-mercado-de-carbono\/#respond"]}]},{"@type":"WebPage","@id":"https:\/\/4ccarbon.com.br\/a-crise-da-cvm-nao-e-uma-crise-do-mercado-de-carbono\/","url":"https:\/\/4ccarbon.com.br\/a-crise-da-cvm-nao-e-uma-crise-do-mercado-de-carbono\/","name":"A crise da CVM n\u00e3o \u00e9 uma crise do mercado de carbono - Climate Regtech para o Mercado de Cr\u00e9ditos de Carbono","isPartOf":{"@id":"https:\/\/4ccarbon.com.br\/#website"},"datePublished":"2026-06-09T16:44:35+00:00","dateModified":"2026-06-09T16:49:29+00:00","breadcrumb":{"@id":"https:\/\/4ccarbon.com.br\/a-crise-da-cvm-nao-e-uma-crise-do-mercado-de-carbono\/#breadcrumb"},"inLanguage":"en-US","potentialAction":[{"@type":"ReadAction","target":["https:\/\/4ccarbon.com.br\/a-crise-da-cvm-nao-e-uma-crise-do-mercado-de-carbono\/"]}]},{"@type":"BreadcrumbList","@id":"https:\/\/4ccarbon.com.br\/a-crise-da-cvm-nao-e-uma-crise-do-mercado-de-carbono\/#breadcrumb","itemListElement":[{"@type":"ListItem","position":1,"name":"In\u00edcio","item":"https:\/\/4ccarbon.com.br\/"},{"@type":"ListItem","position":2,"name":"A crise da CVM n\u00e3o \u00e9 uma crise do mercado de carbono"}]},{"@type":"WebSite","@id":"https:\/\/4ccarbon.com.br\/#website","url":"https:\/\/4ccarbon.com.br\/","name":"Climate Regtech for the Carbon Credit Market","description":"My WordPress Blog","publisher":{"@id":"https:\/\/4ccarbon.com.br\/#organization"},"potentialAction":[{"@type":"SearchAction","target":{"@type":"EntryPoint","urlTemplate":"https:\/\/4ccarbon.com.br\/?s={search_term_string}"},"query-input":{"@type":"PropertyValueSpecification","valueRequired":true,"valueName":"search_term_string"}}],"inLanguage":"en-US"},{"@type":"Organization","@id":"https:\/\/4ccarbon.com.br\/#organization","name":"Climate Regtech for the Carbon Credit Market","url":"https:\/\/4ccarbon.com.br\/","logo":{"@type":"ImageObject","inLanguage":"en-US","@id":"https:\/\/4ccarbon.com.br\/#\/schema\/logo\/image\/","url":"https:\/\/4ccarbon.com.br\/wp-content\/uploads\/2026\/01\/4C_CARBON_logo_transparente.png","contentUrl":"https:\/\/4ccarbon.com.br\/wp-content\/uploads\/2026\/01\/4C_CARBON_logo_transparente.png","width":385,"height":315,"caption":"Climate Regtech para o Mercado de Cr\u00e9ditos de Carbono"},"image":{"@id":"https:\/\/4ccarbon.com.br\/#\/schema\/logo\/image\/"}},{"@type":"Person","@id":"https:\/\/4ccarbon.com.br\/#\/schema\/person\/ddae2dfe7f46a5c59722d9932f8735df","name":"Marcello S Moreno","image":{"@type":"ImageObject","inLanguage":"en-US","@id":"https:\/\/secure.gravatar.com\/avatar\/d08833e0f0eac917a1681651c89fd148748c7a30f6a04ff308aeb329db723480?s=96&d=mm&r=g","url":"https:\/\/secure.gravatar.com\/avatar\/d08833e0f0eac917a1681651c89fd148748c7a30f6a04ff308aeb329db723480?s=96&d=mm&r=g","contentUrl":"https:\/\/secure.gravatar.com\/avatar\/d08833e0f0eac917a1681651c89fd148748c7a30f6a04ff308aeb329db723480?s=96&d=mm&r=g","caption":"Marcello S Moreno"},"sameAs":["https:\/\/4ccarbon.com.br"],"url":"https:\/\/4ccarbon.com.br\/en\/author\/morpetx\/"}]}},"_links":{"self":[{"href":"https:\/\/4ccarbon.com.br\/en\/wp-json\/wp\/v2\/posts\/280","targetHints":{"allow":["GET"]}}],"collection":[{"href":"https:\/\/4ccarbon.com.br\/en\/wp-json\/wp\/v2\/posts"}],"about":[{"href":"https:\/\/4ccarbon.com.br\/en\/wp-json\/wp\/v2\/types\/post"}],"author":[{"embeddable":true,"href":"https:\/\/4ccarbon.com.br\/en\/wp-json\/wp\/v2\/users\/1"}],"replies":[{"embeddable":true,"href":"https:\/\/4ccarbon.com.br\/en\/wp-json\/wp\/v2\/comments?post=280"}],"version-history":[{"count":1,"href":"https:\/\/4ccarbon.com.br\/en\/wp-json\/wp\/v2\/posts\/280\/revisions"}],"predecessor-version":[{"id":281,"href":"https:\/\/4ccarbon.com.br\/en\/wp-json\/wp\/v2\/posts\/280\/revisions\/281"}],"wp:attachment":[{"href":"https:\/\/4ccarbon.com.br\/en\/wp-json\/wp\/v2\/media?parent=280"}],"wp:term":[{"taxonomy":"category","embeddable":true,"href":"https:\/\/4ccarbon.com.br\/en\/wp-json\/wp\/v2\/categories?post=280"},{"taxonomy":"post_tag","embeddable":true,"href":"https:\/\/4ccarbon.com.br\/en\/wp-json\/wp\/v2\/tags?post=280"}],"curies":[{"name":"wp","href":"https:\/\/api.w.org\/{rel}","templated":true}]}}